
{"id":1854,"date":"2010-11-10T12:43:34","date_gmt":"2010-11-10T15:43:34","guid":{"rendered":"http:\/\/www.sudoestehoje.com.br\/novoportal\/?p=1854"},"modified":"2010-11-10T12:43:34","modified_gmt":"2010-11-10T15:43:34","slug":"itapetinga-populacao-de-palmares-continua-bebendo-agua-saloba","status":"publish","type":"post","link":"https:\/\/www.sudoestehoje.com.br\/novoportal\/2010\/11\/10\/itapetinga-populacao-de-palmares-continua-bebendo-agua-saloba\/","title":{"rendered":"ITAPETINGA: POPULA\u00c7\u00c3O DE PALMARES CONTINUA BEBENDO \u00c1GUA &#8216;SAL\u00d4BA&#8221;"},"content":{"rendered":"<p style=\"text-align: center;\"><a href=\"http:\/\/1.bp.blogspot.com\/_222h-6TXKIA\/S6kC4ivbCyI\/AAAAAAAADQw\/E59EU-mkDEQ\/s1600-h\/DSC_0153.JPG\"><img loading=\"lazy\" decoding=\"async\" class=\"aligncenter\" src=\"http:\/\/1.bp.blogspot.com\/_222h-6TXKIA\/S6kC4ivbCyI\/AAAAAAAADQw\/E59EU-mkDEQ\/s400\/DSC_0153.JPG\" border=\"0\" alt=\"\" width=\"400\" height=\"263\" \/><\/a><\/p>\n<p style=\"text-align: center;\"><strong>Falsa inaugura\u00e7\u00e3o da \u00e1gua de Palmares, em 22 de mar\u00e7o de 2010<\/strong><\/p>\n<p>ITAPETINGA: O Distrito de Palmares, que fica a cerca de 60 km da s\u00e9de do munic\u00edpio, volta a viver o drama da falta de \u00e1gua pot\u00e1vel, sendo obrigada a\u00a0consumir \u00e1gua contaminada e &#8216;sal\u00f4ba&#8217; dos a\u00e7udes das fazendas vizinhas, juntamente com o gado.<\/p>\n<p style=\"text-align: center;\"><img loading=\"lazy\" decoding=\"async\" src=\"http:\/\/4.bp.blogspot.com\/_222h-6TXKIA\/S6kSRHbEdCI\/AAAAAAAADRo\/_33_rsuqnQI\/s400\/DSC_0117.JPG\" border=\"0\" alt=\"\" width=\"400\" height=\"256\" \/><\/p>\n<div style=\"text-align: center;\"><em><strong>A festa foi bonita mas a \u00e1gua nunca chegou<\/strong><\/em><\/div>\n<p style=\"text-align: center;\"><img loading=\"lazy\" decoding=\"async\" src=\"http:\/\/2.bp.blogspot.com\/_222h-6TXKIA\/S6kDAs5MPnI\/AAAAAAAADQ4\/sjGrAk79wYI\/s320\/DSC_0450.JPG\" border=\"0\" alt=\"\" width=\"320\" height=\"244\" \/><\/p>\n<div style=\"text-align: center;\"><strong>Prefeito Z\u00e9 Carlos &#8216;deu o cano&#8217; nos moradores de Palmares<\/strong><\/div>\n<div>Durante os meses da campanha eleitoral o prefeito Jos\u00e9 Carlos\u00a0Moura chegou a simular uma\u00a0&#8216;inaugura\u00e7\u00e3o&#8217; da adutora que levaria \u00e1gua do Rio Pardo, mas tudo n\u00e3o passou se uma\u00a0engana\u00e7\u00e3o eleitoral, pois as obras da tal adutora est\u00e3o paralizadas h\u00e1 m\u00eases e as verbas\u00a0 (1 milh\u00e3o e 400 mil reais) &#8216;entraram pelo cano&#8217; tamb\u00e9m.<\/div>\n<div>Vejam o que disse Z\u00e9 Carlos, no dia da &#8220;inaugura\u00e7\u00e3o&#8221;:<em> <strong>\u201cHoje para mim \u00e9 um dos dias mais importantes da minha administra\u00e7\u00e3o. Um sonho de 50 anos n\u00f3s conseguimos realizar, beneficiando um povo que sofreu tanto. Alguns pol\u00edticos em seus discursos perguntaram ser\u00e1 que vale a pena investir em Palmares um milh\u00e3o e quatrocentos mil reais para o abastecimento de \u00e1gua? E eu respondi, poderia ser o dobro, n\u00e3o tem valor que pague essa emo\u00e7\u00e3o do povo me agradecendo.&#8221;<\/strong><\/em><\/div>\n<div style=\"text-align: center;\"><a href=\"http:\/\/3.bp.blogspot.com\/_222h-6TXKIA\/S6kDNZ4G0jI\/AAAAAAAADRQ\/t92lsC2U-Jg\/s1600-h\/DSC_0299.JPG\"><img loading=\"lazy\" decoding=\"async\" src=\"http:\/\/3.bp.blogspot.com\/_222h-6TXKIA\/S6kDNZ4G0jI\/AAAAAAAADRQ\/t92lsC2U-Jg\/s320\/DSC_0299.JPG\" border=\"0\" alt=\"\" width=\"320\" height=\"236\" \/><\/a><\/div>\n<div style=\"text-align: center;\"><strong>D. Ivanir Pereira chorou de emo\u00e7\u00e3o, mas a \u00e1gua nunca chegou \u00e0 sua casa<\/strong><\/div>\n<div>\nHoje, no programa\u00a0de Nivaldo Viana, na R\u00e1dio Fascina\u00e7\u00e3o, moradores de Palmares denunciaram a paraliza\u00e7\u00e3o das obras e\u00a0a falta de \u00e1gua pot\u00e1vel no distrito, o que foi agravado pela s\u00eaca que assola aquela regi\u00e3o. Nem mesmo os carros-pipas da prefeitura t\u00eam socorrido a popula\u00e7\u00e3o de Palmares.<\/div>\n<p>Este foi mais um &#8216;estelionato eleitoral&#8217;, comandado pelo prefeito de Itapetinga e seu grupo de aloprados e irrespons\u00e1veis.\u00a0<\/p>\n<p>Davi Ferraz<\/p>\n","protected":false},"excerpt":{"rendered":"<p>Falsa inaugura\u00e7\u00e3o da \u00e1gua de Palmares, em 22 de mar\u00e7o de 2010 ITAPETINGA: O Distrito de Palmares, que fica a cerca de 60 km da s\u00e9de do munic\u00edpio, volta a viver o drama da falta de \u00e1gua pot\u00e1vel, sendo obrigada a\u00a0consumir \u00e1gua contaminada e &#8216;sal\u00f4ba&#8217; dos a\u00e7udes das fazendas vizinhas, juntamente com o gado. A [&hellip;]<\/p>\n","protected":false},"author":2,"featured_media":0,"comment_status":"open","ping_status":"open","sticky":false,"template":"","format":"standard","meta":{"footnotes":"","_links_to":"","_links_to_target":""},"categories":[1],"tags":[],"class_list":["post-1854","post","type-post","status-publish","format-standard","hentry","category-geral"],"views":2902,"_links":{"self":[{"href":"https:\/\/www.sudoestehoje.com.br\/novoportal\/wp-json\/wp\/v2\/posts\/1854","targetHints":{"allow":["GET"]}}],"collection":[{"href":"https:\/\/www.sudoestehoje.com.br\/novoportal\/wp-json\/wp\/v2\/posts"}],"about":[{"href":"https:\/\/www.sudoestehoje.com.br\/novoportal\/wp-json\/wp\/v2\/types\/post"}],"author":[{"embeddable":true,"href":"https:\/\/www.sudoestehoje.com.br\/novoportal\/wp-json\/wp\/v2\/users\/2"}],"replies":[{"embeddable":true,"href":"https:\/\/www.sudoestehoje.com.br\/novoportal\/wp-json\/wp\/v2\/comments?post=1854"}],"version-history":[{"count":5,"href":"https:\/\/www.sudoestehoje.com.br\/novoportal\/wp-json\/wp\/v2\/posts\/1854\/revisions"}],"predecessor-version":[{"id":1859,"href":"https:\/\/www.sudoestehoje.com.br\/novoportal\/wp-json\/wp\/v2\/posts\/1854\/revisions\/1859"}],"wp:attachment":[{"href":"https:\/\/www.sudoestehoje.com.br\/novoportal\/wp-json\/wp\/v2\/media?parent=1854"}],"wp:term":[{"taxonomy":"category","embeddable":true,"href":"https:\/\/www.sudoestehoje.com.br\/novoportal\/wp-json\/wp\/v2\/categories?post=1854"},{"taxonomy":"post_tag","embeddable":true,"href":"https:\/\/www.sudoestehoje.com.br\/novoportal\/wp-json\/wp\/v2\/tags?post=1854"}],"curies":[{"name":"wp","href":"https:\/\/api.w.org\/{rel}","templated":true}]}}