
{"id":18458,"date":"2012-07-29T21:15:18","date_gmt":"2012-07-30T00:15:18","guid":{"rendered":"http:\/\/www.sudoestehoje.com.br\/novoportal\/?p=18458"},"modified":"2012-07-29T21:15:41","modified_gmt":"2012-07-30T00:15:41","slug":"greve-dos-professores-abala-popularidade-do-governo","status":"publish","type":"post","link":"https:\/\/www.sudoestehoje.com.br\/novoportal\/2012\/07\/29\/greve-dos-professores-abala-popularidade-do-governo\/","title":{"rendered":"GREVE DOS PROFESSORES ABALA POPULARIDADE DO GOVERNO"},"content":{"rendered":"<p><img decoding=\"async\" class=\"aligncenter\" src=\"http:\/\/ubaitabaurgente.com.br\/wp-content\/uploads\/2012\/07\/IMG_8860g.jpg\" alt=\"\" width=\"400\" \/><\/p>\n<p style=\"text-align: center;\"><em>Apenas 9,3% da popula\u00e7\u00e3o aprovam Wagner, enquanto 65,9 reprovam<\/em><\/p>\n<p>&nbsp;<\/p>\n<p>A paralisa\u00e7\u00e3o dos professores estaduais, que j\u00e1 ultrapassa os 100 dias, abalou a avalia\u00e7\u00e3o do governador e do governo do Estado. Segundo pesquisa do Instituto Futura em parceria com o jornal Correio, o \u00edndice dos soteropolitanos que consideram ruim ou p\u00e9ssima a gest\u00e3o Jaques Wagner (PT) pulou de 36,1% em abril, in\u00edcio do movimento grevista, para 69,1% em julho. O efeito tamb\u00e9m atingiu a popularidade do governador, que em abril tinha aprova\u00e7\u00e3o de 23,6% da popula\u00e7\u00e3o (bom\/\u00f3timo) e neste m\u00eas possui penas 9,3%. A reprova\u00e7\u00e3o cresceu de 35,9% para 65,9% no mesmo per\u00edodo.<!--more--> O indicativo revela que para 87,7% dos entrevistados, a qualidade do ensino p\u00fablico \u00e9 hoje o pior problema da Bahia, seguido pela sa\u00fade (ruim e p\u00e9ssima para 83,2%) e da seguran\u00e7a (73,9%). Para 86,7% dos entrevistados, o governo deveria atender \u00e0s reivindica\u00e7\u00f5es dos professores. A condu\u00e7\u00e3o do governo estadual na greve da Pol\u00edcia Militar no in\u00edcio do ano \u00e9 melhor avaliada (49,9% de aprova\u00e7\u00e3o x 46,1% de reprova\u00e7\u00e3o) do que \u00a0na paralisa\u00e7\u00e3o dos professores (51,6% desaprovaram). Contudo, o movimento grevista n\u00e3o conta coma simpatia un\u00e2nime dos soteropolitanos e divide opini\u00f5es. O estudo revela que 52,9% s\u00e3o a favor e 44,6% s\u00e3o contra a greve. No universo pesquisado, 66,2% ou estudam ou t\u00eam algu\u00e9m da fam\u00edlia na rede p\u00fablica estadual. Neste p\u00fablico, a greve tamb\u00e9m dividiu os entrevistados: 50% a favor e 49,2% s\u00e3o contra. Na divis\u00e3o por classes sociais, a avalia\u00e7\u00e3o negativa da gest\u00e3o estadual em julho cresce nas classes A\/B, com 80,7% de ruim e p\u00e9ssimo contra 67,4% nas D\/E. A nova classe m\u00e9dia \u00e9 um pouco mais generosa: 64,9% de reprova\u00e7\u00e3o. \u00c9 ali que o governo estadual tem seu melhor desempenho com 13,8% de aprova\u00e7\u00e3o. Nas classes A\/B, este \u00edndice cai para 5,3% de \u00f3timo\/bom, com 8,7% de aprova\u00e7\u00e3o nas faixas D e E. A pesquisa foi realizada entre os dias 16 e 19 de julho, com 399 entrevistas em Salvador. A margem de erro \u00e9 de 4,9%. Informa\u00e7\u00f5es do jornal Correio.<\/p>\n","protected":false},"excerpt":{"rendered":"<p>Apenas 9,3% da popula\u00e7\u00e3o aprovam Wagner, enquanto 65,9 reprovam &nbsp; A paralisa\u00e7\u00e3o dos professores estaduais, que j\u00e1 ultrapassa os 100 dias, abalou a avalia\u00e7\u00e3o do governador e do governo do Estado. Segundo pesquisa do Instituto Futura em parceria com o jornal Correio, o \u00edndice dos soteropolitanos que consideram ruim ou p\u00e9ssima a gest\u00e3o Jaques Wagner [&hellip;]<\/p>\n","protected":false},"author":2,"featured_media":0,"comment_status":"open","ping_status":"open","sticky":false,"template":"","format":"standard","meta":{"footnotes":"","_links_to":"","_links_to_target":""},"categories":[1],"tags":[],"class_list":["post-18458","post","type-post","status-publish","format-standard","hentry","category-geral"],"views":1375,"_links":{"self":[{"href":"https:\/\/www.sudoestehoje.com.br\/novoportal\/wp-json\/wp\/v2\/posts\/18458","targetHints":{"allow":["GET"]}}],"collection":[{"href":"https:\/\/www.sudoestehoje.com.br\/novoportal\/wp-json\/wp\/v2\/posts"}],"about":[{"href":"https:\/\/www.sudoestehoje.com.br\/novoportal\/wp-json\/wp\/v2\/types\/post"}],"author":[{"embeddable":true,"href":"https:\/\/www.sudoestehoje.com.br\/novoportal\/wp-json\/wp\/v2\/users\/2"}],"replies":[{"embeddable":true,"href":"https:\/\/www.sudoestehoje.com.br\/novoportal\/wp-json\/wp\/v2\/comments?post=18458"}],"version-history":[{"count":2,"href":"https:\/\/www.sudoestehoje.com.br\/novoportal\/wp-json\/wp\/v2\/posts\/18458\/revisions"}],"predecessor-version":[{"id":18475,"href":"https:\/\/www.sudoestehoje.com.br\/novoportal\/wp-json\/wp\/v2\/posts\/18458\/revisions\/18475"}],"wp:attachment":[{"href":"https:\/\/www.sudoestehoje.com.br\/novoportal\/wp-json\/wp\/v2\/media?parent=18458"}],"wp:term":[{"taxonomy":"category","embeddable":true,"href":"https:\/\/www.sudoestehoje.com.br\/novoportal\/wp-json\/wp\/v2\/categories?post=18458"},{"taxonomy":"post_tag","embeddable":true,"href":"https:\/\/www.sudoestehoje.com.br\/novoportal\/wp-json\/wp\/v2\/tags?post=18458"}],"curies":[{"name":"wp","href":"https:\/\/api.w.org\/{rel}","templated":true}]}}