
{"id":1841,"date":"2010-11-10T09:53:37","date_gmt":"2010-11-10T12:53:37","guid":{"rendered":"http:\/\/www.sudoestehoje.com.br\/novoportal\/?p=1841"},"modified":"2010-11-10T09:53:37","modified_gmt":"2010-11-10T12:53:37","slug":"prefeitura-sem-prefeito","status":"publish","type":"post","link":"https:\/\/www.sudoestehoje.com.br\/novoportal\/2010\/11\/10\/prefeitura-sem-prefeito\/","title":{"rendered":"PREFEITURA SEM PREFEITO"},"content":{"rendered":"<p style=\"text-align: center;\"><strong><img decoding=\"async\" src=\"http:\/\/1.bp.blogspot.com\/_uq6liMBhfMI\/SfGZM3Oe0uI\/AAAAAAAABlI\/Mk9_6RqwNsw\/s400\/foto_Itapetinga2.jpg\" alt=\"\" \/><\/strong><\/p>\n<p style=\"text-align: center;\"><strong>Prefeitura de Itapetinga (sem prefeito)<\/strong><\/p>\n<p style=\"text-align: center;\"><strong>(Patativa do Assar\u00e9)<\/strong><\/p>\n<p style=\"text-align: center;\"><strong>Nessa vida atroz e dura<br \/>\nTudo pode acontecer<br \/>\nMuito breve h\u00e1 de se ver<br \/>\nPrefeito sem prefeitura;<br \/>\nVejo que algu\u00e9m me censura<br \/>\nE n\u00e3o fica satisfeito<br \/>\nPor\u00e9m, eu ando sem jeito,<br \/>\nSem esperan\u00e7a e sem f\u00e9,<br \/>\nPor ver no meu Assar\u00e9<br \/>\nPrefeitura sem prefeito.<\/strong><\/p>\n<p style=\"text-align: center;\"><strong>\u00a0<\/strong><\/p>\n<p style=\"text-align: center;\"><strong>Por n\u00e3o ter literatura,<br \/>\nNunca pude discernir<br \/>\nSe poder\u00e1 existir<br \/>\nPrefeito sem prefeitura.<br \/>\nPor\u00e9m, mesmo sem leitura,<br \/>\nSem nenhum curso ter feito,<br \/>\nEu conhe\u00e7o do direito<br \/>\nE sem li\u00e7\u00e3o de ningu\u00e9m<br \/>\nDescobri onde \u00e9 que tem<br \/>\nPrefeitura sem prefeito.<\/strong><\/p>\n<p style=\"text-align: center;\"><strong>\u00a0<\/strong><\/p>\n<p style=\"text-align: center;\"><strong>Ainda que algu\u00e9m me diga<br \/>\nQue viu um mudo falando<br \/>\nUm elefante dan\u00e7ando<br \/>\nNo lombo de uma formiga,<br \/>\nN\u00e3o me causar\u00e1 intriga,<br \/>\nEscutarei com respeito,<br \/>\nN\u00e3o mentiu este sujeito.<br \/>\nMuito mais barbaridade<br \/>\n\u00c9 haver numa cidade<br \/>\nPrefeitura sem prefeito.<\/strong><\/p>\n<p style=\"text-align: center;\"><strong>\u00a0<\/strong><\/p>\n<p style=\"text-align: center;\"><strong>N\u00e3o vou teimar com quem diz<br \/>\nQue viu ferro dar azeite,<br \/>\nUm avestruz dando leite<br \/>\nE pedra criar raiz,<br \/>\nEma apanhar de perdiz<br \/>\nUm rio fora do leito,<br \/>\nUm aleij\u00e3o sem defeito<br \/>\nE um morto declarar guerra,<br \/>\nPorque vejo em minha terra<br \/>\nPrefeitura sem prefeito.<\/strong><\/p>\n<p style=\"text-align: center;\">Poema feito para o Assar\u00e9 mas que cabe direitinho em nossa cidade, que parece est\u00e1 sendo comandada pelo louco pervertido alucinado, como diz\u00a0Paraiba em sua m\u00fasica.<\/p>\n<div id=\"inline-1875\">Enviado pelo leitor &#8220;Boc\u00e3o&#8221;<\/div>\n","protected":false},"excerpt":{"rendered":"<p>Prefeitura de Itapetinga (sem prefeito) (Patativa do Assar\u00e9) Nessa vida atroz e dura Tudo pode acontecer Muito breve h\u00e1 de se ver Prefeito sem prefeitura; Vejo que algu\u00e9m me censura E n\u00e3o fica satisfeito Por\u00e9m, eu ando sem jeito, Sem esperan\u00e7a e sem f\u00e9, Por ver no meu Assar\u00e9 Prefeitura sem prefeito. \u00a0 Por n\u00e3o [&hellip;]<\/p>\n","protected":false},"author":2,"featured_media":0,"comment_status":"open","ping_status":"open","sticky":false,"template":"","format":"standard","meta":{"footnotes":"","_links_to":"","_links_to_target":""},"categories":[1],"tags":[],"class_list":["post-1841","post","type-post","status-publish","format-standard","hentry","category-geral"],"views":1718,"_links":{"self":[{"href":"https:\/\/www.sudoestehoje.com.br\/novoportal\/wp-json\/wp\/v2\/posts\/1841","targetHints":{"allow":["GET"]}}],"collection":[{"href":"https:\/\/www.sudoestehoje.com.br\/novoportal\/wp-json\/wp\/v2\/posts"}],"about":[{"href":"https:\/\/www.sudoestehoje.com.br\/novoportal\/wp-json\/wp\/v2\/types\/post"}],"author":[{"embeddable":true,"href":"https:\/\/www.sudoestehoje.com.br\/novoportal\/wp-json\/wp\/v2\/users\/2"}],"replies":[{"embeddable":true,"href":"https:\/\/www.sudoestehoje.com.br\/novoportal\/wp-json\/wp\/v2\/comments?post=1841"}],"version-history":[{"count":5,"href":"https:\/\/www.sudoestehoje.com.br\/novoportal\/wp-json\/wp\/v2\/posts\/1841\/revisions"}],"predecessor-version":[{"id":1846,"href":"https:\/\/www.sudoestehoje.com.br\/novoportal\/wp-json\/wp\/v2\/posts\/1841\/revisions\/1846"}],"wp:attachment":[{"href":"https:\/\/www.sudoestehoje.com.br\/novoportal\/wp-json\/wp\/v2\/media?parent=1841"}],"wp:term":[{"taxonomy":"category","embeddable":true,"href":"https:\/\/www.sudoestehoje.com.br\/novoportal\/wp-json\/wp\/v2\/categories?post=1841"},{"taxonomy":"post_tag","embeddable":true,"href":"https:\/\/www.sudoestehoje.com.br\/novoportal\/wp-json\/wp\/v2\/tags?post=1841"}],"curies":[{"name":"wp","href":"https:\/\/api.w.org\/{rel}","templated":true}]}}