
{"id":184,"date":"2010-09-05T01:08:44","date_gmt":"2010-09-05T04:08:44","guid":{"rendered":"http:\/\/sudoestehoje.tempsite.ws\/novoportal\/?p=184"},"modified":"2010-09-18T13:21:26","modified_gmt":"2010-09-18T16:21:26","slug":"aleluia-imprensa-abafa-fiasco-politico-de-wagner-registrado-em-blogs-locais","status":"publish","type":"post","link":"https:\/\/www.sudoestehoje.com.br\/novoportal\/2010\/09\/05\/aleluia-imprensa-abafa-fiasco-politico-de-wagner-registrado-em-blogs-locais\/","title":{"rendered":"ALELUIA: &#8220;IMPRENSA ABAFA FIASCO POL\u00cdTICO DE WAGNER REGISTRADO EM BLOGS LOCAIS&#8221;"},"content":{"rendered":"<div>\n<h5>\n<div style=\"text-align: center;\"><img decoding=\"async\" src=\"http:\/\/www.politicalivre.com.br\/wp-content\/uploads\/2009\/11\/jose_carlos_aleluia.jpg\" border=\"0\" alt=\"\" \/><\/div>\n<div style=\"text-align: center;\">Aleluia cita mat\u00e9ria do Sudoeste Hoje<\/div>\n<\/h5>\n<h5>\u201cA  imprensa tem abafado, mas em Itapetinga as pessoas colocaram len\u00e7\u00f3is  pretos na janela em protesto \u00e0 carreata de Wagner e em Ilh\u00e9us jogaram  at\u00e9 ovo no candidato petista \u00e0 reelei\u00e7\u00e3o. O fiasco pol\u00edtico de Wagner  est\u00e1 registrado nos blogs locais para quem quiser ver\u201d declarou ontem\u00a0em  Itabuna o candidato a senador pela coliga\u00e7\u00e3o \u201cA Bahia Merece Mais\u201d  (DEM\/PSDB) Jos\u00e9 Carlos Aleluia.<\/p>\n<p>A constrangedora visita de  Wagner a Itapetinga foi registrada pelo blog Sudoeste Hoje, do  advogado\u00a0Davi Ferraz.\u00a0J\u00e1 a revolta popular em Ilh\u00e9us contra o petista  foi destaque no blog Agravo, que prometeu disponibilizar o v\u00eddeo no  YouTube.<\/p>\n<p>Aleluia disse ainda que pesquisas internas do partido  advers\u00e1rio mostram queda de Wagner e um crescimento significativo das  inten\u00e7\u00f5es de voto em Paulo Souto e Geddel. \u201cOs n\u00fameros das pesquisas  internas deles confirmam duas certezas nossas: que Paulo Souto est\u00e1 no  segundo turno e que h\u00e1 algo de errado com os institutos de pesquisa\u201d.<\/p>\n<p>Hoje,  o democrata acompanha Paulo Souto em visita aos munic\u00edpios de Vit\u00f3ria  da Conquista, Guanambi e Caetit\u00e9, onde ser\u00e3o realizadas carreatas e  com\u00edcios.<\/h5>\n<h5>Ascom<\/h5>\n<\/div>\n","protected":false},"excerpt":{"rendered":"<p>Aleluia cita mat\u00e9ria do Sudoeste Hoje \u201cA imprensa tem abafado, mas em Itapetinga as pessoas colocaram len\u00e7\u00f3is pretos na janela em protesto \u00e0 carreata de Wagner e em Ilh\u00e9us jogaram at\u00e9 ovo no candidato petista \u00e0 reelei\u00e7\u00e3o. O fiasco pol\u00edtico de Wagner est\u00e1 registrado nos blogs locais para quem quiser ver\u201d declarou ontem\u00a0em Itabuna o [&hellip;]<\/p>\n","protected":false},"author":1,"featured_media":0,"comment_status":"open","ping_status":"open","sticky":false,"template":"","format":"standard","meta":{"footnotes":"","_links_to":"","_links_to_target":""},"categories":[1],"tags":[],"class_list":["post-184","post","type-post","status-publish","format-standard","hentry","category-geral"],"views":1240,"_links":{"self":[{"href":"https:\/\/www.sudoestehoje.com.br\/novoportal\/wp-json\/wp\/v2\/posts\/184","targetHints":{"allow":["GET"]}}],"collection":[{"href":"https:\/\/www.sudoestehoje.com.br\/novoportal\/wp-json\/wp\/v2\/posts"}],"about":[{"href":"https:\/\/www.sudoestehoje.com.br\/novoportal\/wp-json\/wp\/v2\/types\/post"}],"author":[{"embeddable":true,"href":"https:\/\/www.sudoestehoje.com.br\/novoportal\/wp-json\/wp\/v2\/users\/1"}],"replies":[{"embeddable":true,"href":"https:\/\/www.sudoestehoje.com.br\/novoportal\/wp-json\/wp\/v2\/comments?post=184"}],"version-history":[{"count":1,"href":"https:\/\/www.sudoestehoje.com.br\/novoportal\/wp-json\/wp\/v2\/posts\/184\/revisions"}],"predecessor-version":[{"id":185,"href":"https:\/\/www.sudoestehoje.com.br\/novoportal\/wp-json\/wp\/v2\/posts\/184\/revisions\/185"}],"wp:attachment":[{"href":"https:\/\/www.sudoestehoje.com.br\/novoportal\/wp-json\/wp\/v2\/media?parent=184"}],"wp:term":[{"taxonomy":"category","embeddable":true,"href":"https:\/\/www.sudoestehoje.com.br\/novoportal\/wp-json\/wp\/v2\/categories?post=184"},{"taxonomy":"post_tag","embeddable":true,"href":"https:\/\/www.sudoestehoje.com.br\/novoportal\/wp-json\/wp\/v2\/tags?post=184"}],"curies":[{"name":"wp","href":"https:\/\/api.w.org\/{rel}","templated":true}]}}