
{"id":18383,"date":"2012-07-27T18:03:03","date_gmt":"2012-07-27T21:03:03","guid":{"rendered":"http:\/\/www.sudoestehoje.com.br\/novoportal\/?p=18383"},"modified":"2012-07-27T18:14:50","modified_gmt":"2012-07-27T21:14:50","slug":"paulo-souto-sofre-desmaio-e-e-internado-no-hospital-alianca","status":"publish","type":"post","link":"https:\/\/www.sudoestehoje.com.br\/novoportal\/2012\/07\/27\/paulo-souto-sofre-desmaio-e-e-internado-no-hospital-alianca\/","title":{"rendered":"PAULO SOUTO SOFRE DESMAIO E \u00c9 INTERNADO NO HOSPITAL ALIAN\u00c7A"},"content":{"rendered":"<p><img decoding=\"async\" class=\"aligncenter\" src=\"http:\/\/www.bahianoticias.com.br\/fotos\/principal_noticias\/119958\/IMAGEM_NOTICIA_5.jpg\" alt=\"Ap\u00f3s desmaio, ex-governador Paulo Souto \u00e9 internado no Hospital Alian\u00e7a\" \/><\/p>\n<p>&nbsp;<\/p>\n<p><em>BAHIA NOT\u00cdCIAS<\/em><\/p>\n<p>O ex-governador Paulo Souto (DEM) deu entrada na emerg\u00eancia do Hospital Alian\u00e7a em Salvador, no in\u00edcio da tarde desta sexta-feira (27). O democrata foi internado ap\u00f3s um mal-estar, seguido de desmaio, cuja causa ainda \u00e9 desconhecida. O ex-gestor, de 68 anos, realiza um exame de resson\u00e2ncia magn\u00e9tica. A suspeita \u00e9 a de que ele teve um Acidente Isqu\u00eamico Transit\u00f3rio (AIT), uma esp\u00e9cie de derrame cerebral mais brando. M\u00e9dicos que o acompanham garantem que Souto passa bem.<\/p>\n<p>No final da tarde, o ex-governador deixou o Hospital Alian\u00e7a. Segundo os m\u00e9dicos da unidade hospitalar, ele foi internado ap\u00f3s um mal-estar causado por uma rea\u00e7\u00e3o al\u00e9rgica. \u00a0A assessoria do Democratas informou que o ex-gestor, de 68 anos, realizou uma s\u00e9rie de exames que confirmaram o bom estado de sa\u00fade. BN<\/p>\n<p><em>POL\u00cdTICA LIVRE<\/em><\/p>\n<p>O ex-governador Paulo Souto (DEM) passou mal nesta sexta-feira (27) devido a uma rea\u00e7\u00e3o por causa de um relaxante muscular. A informa\u00e7\u00e3o foi dada h\u00e1 pouco ao\u00a0<strong>Pol\u00edtica Livre<\/strong>\u00a0pela assessoria de imprensa do partido. Paulo Souto estava com uma dor na lombar e, por isso, tomou um relaxante muscular, o que teria provocado o mal estar. Foi ao Hospital Alian\u00e7a apenas por precau\u00e7\u00e3o. O ex-governador j\u00e1 realizou os exames, que n\u00e3o identificaram qualquer gravidade no seu estado de sa\u00fade. O democrata est\u00e1 em casa e passa bem.<\/p>\n","protected":false},"excerpt":{"rendered":"<p>&nbsp; BAHIA NOT\u00cdCIAS O ex-governador Paulo Souto (DEM) deu entrada na emerg\u00eancia do Hospital Alian\u00e7a em Salvador, no in\u00edcio da tarde desta sexta-feira (27). O democrata foi internado ap\u00f3s um mal-estar, seguido de desmaio, cuja causa ainda \u00e9 desconhecida. O ex-gestor, de 68 anos, realiza um exame de resson\u00e2ncia magn\u00e9tica. A suspeita \u00e9 a de [&hellip;]<\/p>\n","protected":false},"author":2,"featured_media":0,"comment_status":"open","ping_status":"open","sticky":false,"template":"","format":"standard","meta":{"footnotes":"","_links_to":"","_links_to_target":""},"categories":[1],"tags":[],"class_list":["post-18383","post","type-post","status-publish","format-standard","hentry","category-geral"],"views":1502,"_links":{"self":[{"href":"https:\/\/www.sudoestehoje.com.br\/novoportal\/wp-json\/wp\/v2\/posts\/18383","targetHints":{"allow":["GET"]}}],"collection":[{"href":"https:\/\/www.sudoestehoje.com.br\/novoportal\/wp-json\/wp\/v2\/posts"}],"about":[{"href":"https:\/\/www.sudoestehoje.com.br\/novoportal\/wp-json\/wp\/v2\/types\/post"}],"author":[{"embeddable":true,"href":"https:\/\/www.sudoestehoje.com.br\/novoportal\/wp-json\/wp\/v2\/users\/2"}],"replies":[{"embeddable":true,"href":"https:\/\/www.sudoestehoje.com.br\/novoportal\/wp-json\/wp\/v2\/comments?post=18383"}],"version-history":[{"count":4,"href":"https:\/\/www.sudoestehoje.com.br\/novoportal\/wp-json\/wp\/v2\/posts\/18383\/revisions"}],"predecessor-version":[{"id":18388,"href":"https:\/\/www.sudoestehoje.com.br\/novoportal\/wp-json\/wp\/v2\/posts\/18383\/revisions\/18388"}],"wp:attachment":[{"href":"https:\/\/www.sudoestehoje.com.br\/novoportal\/wp-json\/wp\/v2\/media?parent=18383"}],"wp:term":[{"taxonomy":"category","embeddable":true,"href":"https:\/\/www.sudoestehoje.com.br\/novoportal\/wp-json\/wp\/v2\/categories?post=18383"},{"taxonomy":"post_tag","embeddable":true,"href":"https:\/\/www.sudoestehoje.com.br\/novoportal\/wp-json\/wp\/v2\/tags?post=18383"}],"curies":[{"name":"wp","href":"https:\/\/api.w.org\/{rel}","templated":true}]}}