
{"id":18342,"date":"2012-07-27T00:50:38","date_gmt":"2012-07-27T03:50:38","guid":{"rendered":"http:\/\/www.sudoestehoje.com.br\/novoportal\/?p=18342"},"modified":"2012-07-27T00:50:38","modified_gmt":"2012-07-27T03:50:38","slug":"cada-um-por-si","status":"publish","type":"post","link":"https:\/\/www.sudoestehoje.com.br\/novoportal\/2012\/07\/27\/cada-um-por-si\/","title":{"rendered":"CADA UM POR SI"},"content":{"rendered":"<p><img decoding=\"async\" class=\"aligncenter\" src=\"http:\/\/4.bp.blogspot.com\/_pPgABuID-1I\/SMCSGbW8AzI\/AAAAAAAAAMY\/AFZrXOlLzp8\/s320\/Charge_-_conto_com_seu_voto.jpg\" alt=\"\" width=\"150\" \/><\/p>\n<p>Pedir voto &#8216;casadinho&#8217; ficou dif\u00edcil, pois o eleitor \u00e9 quem d\u00e1 as cartas. Que o digam os candidatos a vereador ligados ao grupo do prefeito. Quando o postulante se dirige ao eleitor para &#8216;cantar&#8217; o voto, a resposta do eleitor j\u00e1 vem na ponta da l\u00edngua: &#8220;vereador, posso at\u00e9 votar no senhor, mas no seu prefeito, nem pensar&#8221;. Sem sa\u00edda, o candidato a vereador acaba garantindo o seu lado, deixando o eleitor &#8216;liberado&#8217; para votar no candidato a prefeito que quiser. Quem vem enfrentando este problema s\u00e3o os candidatos Amaral e Marcos Gabrielli. Segundo eles, o que tem de gente dizendo que n\u00e3o vota mais no candidato petista, n\u00e3o \u00e9 brincadeira. Amaral ficou preocupado e esmorecido. Marc\u00e3o liberou geral e s\u00f3 pede o dele. Novidade&#8230;<\/p>\n","protected":false},"excerpt":{"rendered":"<p>Pedir voto &#8216;casadinho&#8217; ficou dif\u00edcil, pois o eleitor \u00e9 quem d\u00e1 as cartas. Que o digam os candidatos a vereador ligados ao grupo do prefeito. Quando o postulante se dirige ao eleitor para &#8216;cantar&#8217; o voto, a resposta do eleitor j\u00e1 vem na ponta da l\u00edngua: &#8220;vereador, posso at\u00e9 votar no senhor, mas no seu [&hellip;]<\/p>\n","protected":false},"author":2,"featured_media":0,"comment_status":"open","ping_status":"open","sticky":false,"template":"","format":"standard","meta":{"footnotes":"","_links_to":"","_links_to_target":""},"categories":[11],"tags":[],"class_list":["post-18342","post","type-post","status-publish","format-standard","hentry","category-quentinhas"],"views":2323,"_links":{"self":[{"href":"https:\/\/www.sudoestehoje.com.br\/novoportal\/wp-json\/wp\/v2\/posts\/18342","targetHints":{"allow":["GET"]}}],"collection":[{"href":"https:\/\/www.sudoestehoje.com.br\/novoportal\/wp-json\/wp\/v2\/posts"}],"about":[{"href":"https:\/\/www.sudoestehoje.com.br\/novoportal\/wp-json\/wp\/v2\/types\/post"}],"author":[{"embeddable":true,"href":"https:\/\/www.sudoestehoje.com.br\/novoportal\/wp-json\/wp\/v2\/users\/2"}],"replies":[{"embeddable":true,"href":"https:\/\/www.sudoestehoje.com.br\/novoportal\/wp-json\/wp\/v2\/comments?post=18342"}],"version-history":[{"count":2,"href":"https:\/\/www.sudoestehoje.com.br\/novoportal\/wp-json\/wp\/v2\/posts\/18342\/revisions"}],"predecessor-version":[{"id":18350,"href":"https:\/\/www.sudoestehoje.com.br\/novoportal\/wp-json\/wp\/v2\/posts\/18342\/revisions\/18350"}],"wp:attachment":[{"href":"https:\/\/www.sudoestehoje.com.br\/novoportal\/wp-json\/wp\/v2\/media?parent=18342"}],"wp:term":[{"taxonomy":"category","embeddable":true,"href":"https:\/\/www.sudoestehoje.com.br\/novoportal\/wp-json\/wp\/v2\/categories?post=18342"},{"taxonomy":"post_tag","embeddable":true,"href":"https:\/\/www.sudoestehoje.com.br\/novoportal\/wp-json\/wp\/v2\/tags?post=18342"}],"curies":[{"name":"wp","href":"https:\/\/api.w.org\/{rel}","templated":true}]}}