
{"id":1834,"date":"2010-11-09T21:14:58","date_gmt":"2010-11-10T00:14:58","guid":{"rendered":"http:\/\/www.sudoestehoje.com.br\/novoportal\/?p=1834"},"modified":"2010-11-09T21:14:58","modified_gmt":"2010-11-10T00:14:58","slug":"iguai-acidente-mata-funcionarios-da-azaleia","status":"publish","type":"post","link":"https:\/\/www.sudoestehoje.com.br\/novoportal\/2010\/11\/09\/iguai-acidente-mata-funcionarios-da-azaleia\/","title":{"rendered":"Igua\u00ed: Acidente mata funcion\u00e1rios da Azal\u00e9ia"},"content":{"rendered":"<p style=\"text-align: center;\"><img loading=\"lazy\" decoding=\"async\" class=\"aligncenter\" src=\"http:\/\/www.bahianoticias.com.br\/fotos\/editor\/Image\/FOTOS%20NOVAS\/acidente_iguai_blogdoanderson.jpg\" alt=\"\" width=\"350\" height=\"263\" \/><\/p>\n<p>Um acidente em Igua\u00ed, sudoeste baiano, matou dois jovens funcion\u00e1rios da Azal\u00e9ia na estrada que liga Igua\u00ed a Ibicu\u00ed, no sudoeste do estado. O incidente que aconteceu na noite do \u00faltimo domingo (7) foi o resultado de uma colis\u00e3o entre um carro da empresa e uma motocicleta. De acordo com o Blog do Anderson, os ocupantes da moto, sa\u00edram de Igua\u00ed e seguiam para Firmino Alves. No momento da colis\u00e3o, o carro incendiou e as chamas foram contidas por populares.<\/p>\n","protected":false},"excerpt":{"rendered":"<p>Um acidente em Igua\u00ed, sudoeste baiano, matou dois jovens funcion\u00e1rios da Azal\u00e9ia na estrada que liga Igua\u00ed a Ibicu\u00ed, no sudoeste do estado. O incidente que aconteceu na noite do \u00faltimo domingo (7) foi o resultado de uma colis\u00e3o entre um carro da empresa e uma motocicleta. De acordo com o Blog do Anderson, os [&hellip;]<\/p>\n","protected":false},"author":2,"featured_media":0,"comment_status":"open","ping_status":"open","sticky":false,"template":"","format":"standard","meta":{"footnotes":"","_links_to":"","_links_to_target":""},"categories":[1],"tags":[],"class_list":["post-1834","post","type-post","status-publish","format-standard","hentry","category-geral"],"views":1688,"_links":{"self":[{"href":"https:\/\/www.sudoestehoje.com.br\/novoportal\/wp-json\/wp\/v2\/posts\/1834","targetHints":{"allow":["GET"]}}],"collection":[{"href":"https:\/\/www.sudoestehoje.com.br\/novoportal\/wp-json\/wp\/v2\/posts"}],"about":[{"href":"https:\/\/www.sudoestehoje.com.br\/novoportal\/wp-json\/wp\/v2\/types\/post"}],"author":[{"embeddable":true,"href":"https:\/\/www.sudoestehoje.com.br\/novoportal\/wp-json\/wp\/v2\/users\/2"}],"replies":[{"embeddable":true,"href":"https:\/\/www.sudoestehoje.com.br\/novoportal\/wp-json\/wp\/v2\/comments?post=1834"}],"version-history":[{"count":3,"href":"https:\/\/www.sudoestehoje.com.br\/novoportal\/wp-json\/wp\/v2\/posts\/1834\/revisions"}],"predecessor-version":[{"id":1837,"href":"https:\/\/www.sudoestehoje.com.br\/novoportal\/wp-json\/wp\/v2\/posts\/1834\/revisions\/1837"}],"wp:attachment":[{"href":"https:\/\/www.sudoestehoje.com.br\/novoportal\/wp-json\/wp\/v2\/media?parent=1834"}],"wp:term":[{"taxonomy":"category","embeddable":true,"href":"https:\/\/www.sudoestehoje.com.br\/novoportal\/wp-json\/wp\/v2\/categories?post=1834"},{"taxonomy":"post_tag","embeddable":true,"href":"https:\/\/www.sudoestehoje.com.br\/novoportal\/wp-json\/wp\/v2\/tags?post=1834"}],"curies":[{"name":"wp","href":"https:\/\/api.w.org\/{rel}","templated":true}]}}