
{"id":18332,"date":"2012-07-27T02:11:19","date_gmt":"2012-07-27T05:11:19","guid":{"rendered":"http:\/\/www.sudoestehoje.com.br\/novoportal\/?p=18332"},"modified":"2012-07-27T02:11:34","modified_gmt":"2012-07-27T05:11:34","slug":"itororo-marco-brito-e-lieska-realizam-comicio-neste-sabado","status":"publish","type":"post","link":"https:\/\/www.sudoestehoje.com.br\/novoportal\/2012\/07\/27\/itororo-marco-brito-e-lieska-realizam-comicio-neste-sabado\/","title":{"rendered":"ITOROR\u00d3: MARCO BRITO E LIESKA REALIZAM COM\u00cdCIO NESTE S\u00c1BADO"},"content":{"rendered":"<p><img decoding=\"async\" class=\"aligncenter\" src=\"http:\/\/a5.sphotos.ak.fbcdn.net\/hphotos-ak-ash4\/c0.0.400.400\/p403x403\/487894_265809986866122_412896705_n.jpg\" alt=\"Foto: Le\u00e3ooooooooooooooo VOTA EM LE\u00c3OOOOOOOOOOOOO\n Marco Brito hoje &amp; sempre . acreditamos na vitoria ;)\" \/><\/p>\n<p>&nbsp;<\/p>\n<p>ITOROR\u00d3: Embalado pelas decis\u00f5es judiciais que garantiram o registro da sua candidatura e pelo sucesso da conven\u00e7\u00e3o que selou a uni\u00e3o com o grupo de Edineu Oliveira, o candidato peemedebista Marco Brito quer abrir a sua campanha eleitoral em alto estilo, com a realiza\u00e7\u00e3o de um grande com\u00edcio, neste s\u00e1bado (28).<\/p>\n<p>O evento pol\u00edtico, que j\u00e1 vem sendo chamado de &#8220;O maior com\u00edcio da hist\u00f3ria de Itoror\u00f3&#8221;, ter\u00e1 como palco a famosa pra\u00e7a do Festsol, com in\u00edcio a partir das 19:30h, quando a popula\u00e7\u00e3o da &#8220;terra da carne de sol&#8221; poder\u00e1 ouvir as mensagens de Marco Brito e sua vice Lieska Oliveira, a mais nova revela\u00e7\u00e3o da pol\u00edtica de Itoror\u00f3.<\/p>\n<p>Os peemedebistas e democratas garantem que o &#8220;rugido do Le\u00e3o&#8221; ser\u00e1 ouvido nos quatro cantos de Itoror\u00f3.<\/p>\n<p><strong><em>Da Reda\u00e7\u00e3o<\/em><\/strong><\/p>\n<p>&nbsp;<\/p>\n","protected":false},"excerpt":{"rendered":"<p>&nbsp; ITOROR\u00d3: Embalado pelas decis\u00f5es judiciais que garantiram o registro da sua candidatura e pelo sucesso da conven\u00e7\u00e3o que selou a uni\u00e3o com o grupo de Edineu Oliveira, o candidato peemedebista Marco Brito quer abrir a sua campanha eleitoral em alto estilo, com a realiza\u00e7\u00e3o de um grande com\u00edcio, neste s\u00e1bado (28). O evento pol\u00edtico, [&hellip;]<\/p>\n","protected":false},"author":2,"featured_media":0,"comment_status":"open","ping_status":"open","sticky":false,"template":"","format":"standard","meta":{"footnotes":"","_links_to":"","_links_to_target":""},"categories":[1],"tags":[],"class_list":["post-18332","post","type-post","status-publish","format-standard","hentry","category-geral"],"views":1488,"_links":{"self":[{"href":"https:\/\/www.sudoestehoje.com.br\/novoportal\/wp-json\/wp\/v2\/posts\/18332","targetHints":{"allow":["GET"]}}],"collection":[{"href":"https:\/\/www.sudoestehoje.com.br\/novoportal\/wp-json\/wp\/v2\/posts"}],"about":[{"href":"https:\/\/www.sudoestehoje.com.br\/novoportal\/wp-json\/wp\/v2\/types\/post"}],"author":[{"embeddable":true,"href":"https:\/\/www.sudoestehoje.com.br\/novoportal\/wp-json\/wp\/v2\/users\/2"}],"replies":[{"embeddable":true,"href":"https:\/\/www.sudoestehoje.com.br\/novoportal\/wp-json\/wp\/v2\/comments?post=18332"}],"version-history":[{"count":6,"href":"https:\/\/www.sudoestehoje.com.br\/novoportal\/wp-json\/wp\/v2\/posts\/18332\/revisions"}],"predecessor-version":[{"id":18340,"href":"https:\/\/www.sudoestehoje.com.br\/novoportal\/wp-json\/wp\/v2\/posts\/18332\/revisions\/18340"}],"wp:attachment":[{"href":"https:\/\/www.sudoestehoje.com.br\/novoportal\/wp-json\/wp\/v2\/media?parent=18332"}],"wp:term":[{"taxonomy":"category","embeddable":true,"href":"https:\/\/www.sudoestehoje.com.br\/novoportal\/wp-json\/wp\/v2\/categories?post=18332"},{"taxonomy":"post_tag","embeddable":true,"href":"https:\/\/www.sudoestehoje.com.br\/novoportal\/wp-json\/wp\/v2\/tags?post=18332"}],"curies":[{"name":"wp","href":"https:\/\/api.w.org\/{rel}","templated":true}]}}