
{"id":18145,"date":"2012-07-23T09:16:35","date_gmt":"2012-07-23T12:16:35","guid":{"rendered":"http:\/\/www.sudoestehoje.com.br\/novoportal\/?p=18145"},"modified":"2012-07-23T23:00:27","modified_gmt":"2012-07-24T02:00:27","slug":"movimentacao-de-dr-arnaldo-no-ultimo-final-de-semana","status":"publish","type":"post","link":"https:\/\/www.sudoestehoje.com.br\/novoportal\/2012\/07\/23\/movimentacao-de-dr-arnaldo-no-ultimo-final-de-semana\/","title":{"rendered":"MOVIMENTA\u00c7\u00c3O DE DR. ARNALDO NO \u00daLTIMO FINAL DE SEMANA"},"content":{"rendered":"<p style=\"text-align: center;\"><a href=\"http:\/\/www.sudoestehoje.com.br\/novoportal\/wp-content\/uploads\/2012\/07\/foto-10.jpg\"><img decoding=\"async\" class=\"aligncenter  wp-image-18149\" title=\"foto 10\" src=\"http:\/\/www.sudoestehoje.com.br\/novoportal\/wp-content\/uploads\/2012\/07\/foto-10-500x334.jpg\" alt=\"\" width=\"400\" srcset=\"https:\/\/www.sudoestehoje.com.br\/novoportal\/wp-content\/uploads\/2012\/07\/foto-10-500x334.jpg 500w, https:\/\/www.sudoestehoje.com.br\/novoportal\/wp-content\/uploads\/2012\/07\/foto-10-1024x685.jpg 1024w, https:\/\/www.sudoestehoje.com.br\/novoportal\/wp-content\/uploads\/2012\/07\/foto-10.jpg 1235w\" sizes=\"(max-width: 500px) 100vw, 500px\" \/><\/a><\/p>\n<p>&nbsp;<\/p>\n<p><strong><em>Ascom PR\/DEM<\/em><\/strong><\/p>\n<p>O que era para ser uma simples mobiliza\u00e7\u00e3o dos candidatos da coliga\u00e7\u00e3o Novo Tempo para Itapetinga com objetivo de convidar a popula\u00e7\u00e3o a participar da inaugura\u00e7\u00e3o do comit\u00ea de campanha dos candidatos Dr. Arnaldo(PR) e Geraldo(DEM) transformou-se numa animada carreata no in\u00edcio da noite de s\u00e1bado passado.<\/p>\n<p style=\"text-align: center;\"><a href=\"http:\/\/www.sudoestehoje.com.br\/novoportal\/wp-content\/uploads\/2012\/07\/foto6.jpg\"><img decoding=\"async\" class=\"aligncenter  wp-image-18152\" title=\"foto6\" src=\"http:\/\/www.sudoestehoje.com.br\/novoportal\/wp-content\/uploads\/2012\/07\/foto6-500x334.jpg\" alt=\"\" width=\"400\" srcset=\"https:\/\/www.sudoestehoje.com.br\/novoportal\/wp-content\/uploads\/2012\/07\/foto6-500x334.jpg 500w, https:\/\/www.sudoestehoje.com.br\/novoportal\/wp-content\/uploads\/2012\/07\/foto6-1024x685.jpg 1024w, https:\/\/www.sudoestehoje.com.br\/novoportal\/wp-content\/uploads\/2012\/07\/foto6.jpg 1240w\" sizes=\"(max-width: 500px) 100vw, 500px\" \/><\/a><\/p>\n<p>A ades\u00e3o espont\u00e2nea da popula\u00e7\u00e3o deu mais for\u00e7a ainda ao movimento, que saiu do Parque da Lagoa \u00e0s 18h e percorreu v\u00e1rias ruas dos bairros Primavera, Ot\u00e1vio Cam\u00f5es , Clodoaldo Costa, Urbis, Ecosane e Camac\u00e3, at\u00e9 chegar, com grande festa na Pra\u00e7a Dairy Valley, de onde os participantes seguiram a p\u00e9 para o comit\u00ea, na Rua Marechal\u00a0 Deodoro da Fonseca.<\/p>\n<p style=\"text-align: center;\"><a href=\"http:\/\/www.sudoestehoje.com.br\/novoportal\/wp-content\/uploads\/2012\/07\/foto9.jpg\"><img decoding=\"async\" class=\"aligncenter  wp-image-18150\" title=\"foto9\" src=\"http:\/\/www.sudoestehoje.com.br\/novoportal\/wp-content\/uploads\/2012\/07\/foto9-500x334.jpg\" alt=\"\" width=\"400\" srcset=\"https:\/\/www.sudoestehoje.com.br\/novoportal\/wp-content\/uploads\/2012\/07\/foto9-500x334.jpg 500w, https:\/\/www.sudoestehoje.com.br\/novoportal\/wp-content\/uploads\/2012\/07\/foto9-1024x685.jpg 1024w, https:\/\/www.sudoestehoje.com.br\/novoportal\/wp-content\/uploads\/2012\/07\/foto9.jpg 1256w\" sizes=\"(max-width: 500px) 100vw, 500px\" \/><\/a><\/p>\n<p>Por todos os lugares onde passou a carreata os populares sa\u00edram \u00e0s ruas para mostrar seu carinho e apoio ao movimento. Tamb\u00e9m no evento de inaugura\u00e7\u00e3o do comit\u00ea, os jovens, adolescentes, idosos , pais e m\u00e3es com seus filhos que coloriram a solenidade com sua alegria, bandeiras azuis e muita vontade de mudan\u00e7a para Itapetinga, demonstraram\u00a0 seu total apoio \u00e0 candidatura dos candidatos do PR e DEM \u00e0 prefeitura de Itapetinga.<\/p>\n<p style=\"text-align: center;\"><a href=\"http:\/\/www.sudoestehoje.com.br\/novoportal\/wp-content\/uploads\/2012\/07\/foto7.jpg\"><img decoding=\"async\" class=\"aligncenter  wp-image-18151\" title=\"foto7\" src=\"http:\/\/www.sudoestehoje.com.br\/novoportal\/wp-content\/uploads\/2012\/07\/foto7-500x334.jpg\" alt=\"\" width=\"400\" srcset=\"https:\/\/www.sudoestehoje.com.br\/novoportal\/wp-content\/uploads\/2012\/07\/foto7-500x334.jpg 500w, https:\/\/www.sudoestehoje.com.br\/novoportal\/wp-content\/uploads\/2012\/07\/foto7-1024x685.jpg 1024w, https:\/\/www.sudoestehoje.com.br\/novoportal\/wp-content\/uploads\/2012\/07\/foto7.jpg 1211w\" sizes=\"(max-width: 500px) 100vw, 500px\" \/><\/a><\/p>\n<p>Tanto o Dr. Arnaldo como Geraldo\u00a0 Trindade e o ex-prefeito Jos\u00e9 Ot\u00e1vio Curvelo foram bastante aplaudidos ap\u00f3s os seus pronunciamentos. Os presidentes dos oito partidos da Coliga\u00e7\u00e3o\u00a0 Novo Tempo para Itapetinga tamb\u00e9m tiveram oportunidade de se pronunciar para o p\u00fablico presente, enquanto os setenta e um candidatos a vereador compuseram o palanque com a majorit\u00e1ria e levaram seus eleitores para a solenidade.<\/p>\n<p>&nbsp;<\/p>\n<p>&nbsp;<\/p>\n","protected":false},"excerpt":{"rendered":"<p>&nbsp; Ascom PR\/DEM O que era para ser uma simples mobiliza\u00e7\u00e3o dos candidatos da coliga\u00e7\u00e3o Novo Tempo para Itapetinga com objetivo de convidar a popula\u00e7\u00e3o a participar da inaugura\u00e7\u00e3o do comit\u00ea de campanha dos candidatos Dr. Arnaldo(PR) e Geraldo(DEM) transformou-se numa animada carreata no in\u00edcio da noite de s\u00e1bado passado. A ades\u00e3o espont\u00e2nea da popula\u00e7\u00e3o [&hellip;]<\/p>\n","protected":false},"author":2,"featured_media":0,"comment_status":"open","ping_status":"open","sticky":false,"template":"","format":"standard","meta":{"footnotes":"","_links_to":"","_links_to_target":""},"categories":[1],"tags":[],"class_list":["post-18145","post","type-post","status-publish","format-standard","hentry","category-geral"],"views":1256,"_links":{"self":[{"href":"https:\/\/www.sudoestehoje.com.br\/novoportal\/wp-json\/wp\/v2\/posts\/18145","targetHints":{"allow":["GET"]}}],"collection":[{"href":"https:\/\/www.sudoestehoje.com.br\/novoportal\/wp-json\/wp\/v2\/posts"}],"about":[{"href":"https:\/\/www.sudoestehoje.com.br\/novoportal\/wp-json\/wp\/v2\/types\/post"}],"author":[{"embeddable":true,"href":"https:\/\/www.sudoestehoje.com.br\/novoportal\/wp-json\/wp\/v2\/users\/2"}],"replies":[{"embeddable":true,"href":"https:\/\/www.sudoestehoje.com.br\/novoportal\/wp-json\/wp\/v2\/comments?post=18145"}],"version-history":[{"count":5,"href":"https:\/\/www.sudoestehoje.com.br\/novoportal\/wp-json\/wp\/v2\/posts\/18145\/revisions"}],"predecessor-version":[{"id":18156,"href":"https:\/\/www.sudoestehoje.com.br\/novoportal\/wp-json\/wp\/v2\/posts\/18145\/revisions\/18156"}],"wp:attachment":[{"href":"https:\/\/www.sudoestehoje.com.br\/novoportal\/wp-json\/wp\/v2\/media?parent=18145"}],"wp:term":[{"taxonomy":"category","embeddable":true,"href":"https:\/\/www.sudoestehoje.com.br\/novoportal\/wp-json\/wp\/v2\/categories?post=18145"},{"taxonomy":"post_tag","embeddable":true,"href":"https:\/\/www.sudoestehoje.com.br\/novoportal\/wp-json\/wp\/v2\/tags?post=18145"}],"curies":[{"name":"wp","href":"https:\/\/api.w.org\/{rel}","templated":true}]}}