
{"id":1811,"date":"2010-11-09T11:09:31","date_gmt":"2010-11-09T14:09:31","guid":{"rendered":"http:\/\/www.sudoestehoje.com.br\/novoportal\/?p=1811"},"modified":"2010-11-09T11:09:31","modified_gmt":"2010-11-09T14:09:31","slug":"itapetinga-uma-cidade-largada","status":"publish","type":"post","link":"https:\/\/www.sudoestehoje.com.br\/novoportal\/2010\/11\/09\/itapetinga-uma-cidade-largada\/","title":{"rendered":"ITAPETINGA , UMA CIDADE LARGADA&#8230;"},"content":{"rendered":"<p>\u00a0<\/p>\n<p style=\"text-align: center;\"><a href=\"http:\/\/www.sudoestehoje.com.br\/novoportal\/wp-content\/uploads\/2010\/11\/100_3886.jpg\"><img loading=\"lazy\" decoding=\"async\" class=\"size-medium wp-image-1812  aligncenter\" title=\"100_3886\" src=\"http:\/\/www.sudoestehoje.com.br\/novoportal\/wp-content\/uploads\/2010\/11\/100_3886-500x375.jpg\" alt=\"\" width=\"500\" height=\"375\" srcset=\"https:\/\/www.sudoestehoje.com.br\/novoportal\/wp-content\/uploads\/2010\/11\/100_3886-500x375.jpg 500w, https:\/\/www.sudoestehoje.com.br\/novoportal\/wp-content\/uploads\/2010\/11\/100_3886-1024x768.jpg 1024w\" sizes=\"auto, (max-width: 500px) 100vw, 500px\" \/><\/a><\/p>\n<p style=\"text-align: center;\">Este buraco em frente ao Posto Guilherme Dias est\u00e1 completando 1 ano e meio<\/p>\n<p style=\"text-align: center;\"><a href=\"http:\/\/www.sudoestehoje.com.br\/novoportal\/wp-content\/uploads\/2010\/11\/100_3893.jpg\"><img loading=\"lazy\" decoding=\"async\" class=\"size-medium wp-image-1814  aligncenter\" title=\"100_3893\" src=\"http:\/\/www.sudoestehoje.com.br\/novoportal\/wp-content\/uploads\/2010\/11\/100_3893-500x375.jpg\" alt=\"\" width=\"500\" height=\"375\" srcset=\"https:\/\/www.sudoestehoje.com.br\/novoportal\/wp-content\/uploads\/2010\/11\/100_3893-500x375.jpg 500w, https:\/\/www.sudoestehoje.com.br\/novoportal\/wp-content\/uploads\/2010\/11\/100_3893-1024x768.jpg 1024w\" sizes=\"auto, (max-width: 500px) 100vw, 500px\" \/><\/a><\/p>\n<p style=\"text-align: center;\">Animais &#8216;cuidam&#8217; da manuten\u00e7\u00e3o\u00a0das pra\u00e7as e jardins (Av. Cinquenten\u00e1rio)<\/p>\n<p style=\"text-align: center;\"><a href=\"http:\/\/www.sudoestehoje.com.br\/novoportal\/wp-content\/uploads\/2010\/11\/100_3649.jpg\"><img loading=\"lazy\" decoding=\"async\" class=\"size-medium wp-image-1817  aligncenter\" title=\"100_3649\" src=\"http:\/\/www.sudoestehoje.com.br\/novoportal\/wp-content\/uploads\/2010\/11\/100_3649-500x375.jpg\" alt=\"\" width=\"500\" height=\"375\" srcset=\"https:\/\/www.sudoestehoje.com.br\/novoportal\/wp-content\/uploads\/2010\/11\/100_3649-500x375.jpg 500w, https:\/\/www.sudoestehoje.com.br\/novoportal\/wp-content\/uploads\/2010\/11\/100_3649-1024x768.jpg 1024w\" sizes=\"auto, (max-width: 500px) 100vw, 500px\" \/><\/a><\/p>\n<p style=\"text-align: center;\">Lixo nas esquinas faz parte do cotidiano, em todos os bairros<\/p>\n<p style=\"text-align: center;\"><a href=\"http:\/\/www.sudoestehoje.com.br\/novoportal\/wp-content\/uploads\/2010\/11\/100_3896.jpg\"><img loading=\"lazy\" decoding=\"async\" class=\"size-medium wp-image-1819    aligncenter\" title=\"100_3896\" src=\"http:\/\/www.sudoestehoje.com.br\/novoportal\/wp-content\/uploads\/2010\/11\/100_3896-500x375.jpg\" alt=\"\" width=\"500\" height=\"375\" srcset=\"https:\/\/www.sudoestehoje.com.br\/novoportal\/wp-content\/uploads\/2010\/11\/100_3896-500x375.jpg 500w, https:\/\/www.sudoestehoje.com.br\/novoportal\/wp-content\/uploads\/2010\/11\/100_3896-1024x768.jpg 1024w\" sizes=\"auto, (max-width: 500px) 100vw, 500px\" \/><\/a><\/p>\n<p style=\"text-align: center;\">Buraco\u00a0 &#8216;pretegido&#8217; com galhos de mato e cavalete (esquina da Conde\u00faba\/O. Vieira)<\/p>\n","protected":false},"excerpt":{"rendered":"<p>\u00a0 Este buraco em frente ao Posto Guilherme Dias est\u00e1 completando 1 ano e meio Animais &#8216;cuidam&#8217; da manuten\u00e7\u00e3o\u00a0das pra\u00e7as e jardins (Av. Cinquenten\u00e1rio) Lixo nas esquinas faz parte do cotidiano, em todos os bairros Buraco\u00a0 &#8216;pretegido&#8217; com galhos de mato e cavalete (esquina da Conde\u00faba\/O. Vieira)<\/p>\n","protected":false},"author":2,"featured_media":0,"comment_status":"open","ping_status":"open","sticky":false,"template":"","format":"standard","meta":{"footnotes":"","_links_to":"","_links_to_target":""},"categories":[1],"tags":[],"class_list":["post-1811","post","type-post","status-publish","format-standard","hentry","category-geral"],"views":1678,"_links":{"self":[{"href":"https:\/\/www.sudoestehoje.com.br\/novoportal\/wp-json\/wp\/v2\/posts\/1811","targetHints":{"allow":["GET"]}}],"collection":[{"href":"https:\/\/www.sudoestehoje.com.br\/novoportal\/wp-json\/wp\/v2\/posts"}],"about":[{"href":"https:\/\/www.sudoestehoje.com.br\/novoportal\/wp-json\/wp\/v2\/types\/post"}],"author":[{"embeddable":true,"href":"https:\/\/www.sudoestehoje.com.br\/novoportal\/wp-json\/wp\/v2\/users\/2"}],"replies":[{"embeddable":true,"href":"https:\/\/www.sudoestehoje.com.br\/novoportal\/wp-json\/wp\/v2\/comments?post=1811"}],"version-history":[{"count":4,"href":"https:\/\/www.sudoestehoje.com.br\/novoportal\/wp-json\/wp\/v2\/posts\/1811\/revisions"}],"predecessor-version":[{"id":1823,"href":"https:\/\/www.sudoestehoje.com.br\/novoportal\/wp-json\/wp\/v2\/posts\/1811\/revisions\/1823"}],"wp:attachment":[{"href":"https:\/\/www.sudoestehoje.com.br\/novoportal\/wp-json\/wp\/v2\/media?parent=1811"}],"wp:term":[{"taxonomy":"category","embeddable":true,"href":"https:\/\/www.sudoestehoje.com.br\/novoportal\/wp-json\/wp\/v2\/categories?post=1811"},{"taxonomy":"post_tag","embeddable":true,"href":"https:\/\/www.sudoestehoje.com.br\/novoportal\/wp-json\/wp\/v2\/tags?post=1811"}],"curies":[{"name":"wp","href":"https:\/\/api.w.org\/{rel}","templated":true}]}}