
{"id":18104,"date":"2012-07-21T23:45:49","date_gmt":"2012-07-22T02:45:49","guid":{"rendered":"http:\/\/www.sudoestehoje.com.br\/novoportal\/?p=18104"},"modified":"2012-07-21T23:49:37","modified_gmt":"2012-07-22T02:49:37","slug":"morre-aos-91-anos-o-ex-vereador-valdemar-ferraz","status":"publish","type":"post","link":"https:\/\/www.sudoestehoje.com.br\/novoportal\/2012\/07\/21\/morre-aos-91-anos-o-ex-vereador-valdemar-ferraz\/","title":{"rendered":"MORRE AOS 91 ANOS O EX-VEREADOR VALDEMAR FERRAZ"},"content":{"rendered":"<p style=\"text-align: center;\"><img decoding=\"async\" class=\"aligncenter\" src=\"https:\/\/lh3.googleusercontent.com\/-01G4CYjLeSk\/UAsGn8_MvPI\/AAAAAAAABSI\/Fk3Pvunn8_4\/s720\/valdemar%2520e%2520familia.jpg\" alt=\"\" width=\"400\" \/><\/p>\n<p style=\"text-align: center;\">&#8216;Seu&#8217; Valdemar Ferraz ao lado dos filhos<\/p>\n<p style=\"text-align: left;\">\n<p style=\"text-align: left;\">Faleceu em Caruaru (PE), aos 91 anos e 1 m\u00eas, na noite de ontem o Sr. Valdemar Ferraz, v\u00edtima de infarto, depois de ter passado mal no lugarejo Nazar\u00e9 dos Picos, em Pernambuco, sua terra natal. Ele estava em companhia dos filhos Jo\u00e3o e Ac\u00e1cio Ferraz e foram a Nazar\u00e9 repetir a viagem que todo ano ele faz por ocasi\u00e3o da festa da Padroeira Nossa Senhora da Sa\u00fade.<\/p>\n<p style=\"text-align: left;\">&#8216;Seu&#8217; Valdemar, como era conhecido, foi vereador em Itapetinga por diversos mandatos, tendo se destacado como um l\u00edder cat\u00f3lico em Itapetinga, durante v\u00e1rias d\u00e9cadas. Seu \u00faltimo mandato encerrou em 1982, quando, tamb\u00e9m, encerrou a sua carreira pol\u00edtica. Homem extremamente generoso, &#8216;seu&#8217; Valdemar vinha se dedicando \u00e0 loja de produtos veterin\u00e1rios que mantinha com o seu filho Paulo Ferraz, renomado veterin\u00e1rio em nossa cidade.<\/p>\n<p>O corpo deve chegar a Itapetinga no in\u00edcio da madrugada de hoje, quando ser\u00e1 velado na Pax Perfei\u00e7\u00e3o Pax hoje por volta da meia noite e na manh\u00e3 do domingo, 22 ser\u00e1 celebrada uma missa de corpo presente \u00e0s 8h na igreja Matriz de S\u00e3o Jos\u00e9, seguindo em seguida o f\u00e9retro para o cemit\u00e9rio Jardim da Saudade, onde ser\u00e1 sepultado. Com informa\u00e7\u00f5es do <em>Itapetinga News<\/em><\/p>\n","protected":false},"excerpt":{"rendered":"<p>&#8216;Seu&#8217; Valdemar Ferraz ao lado dos filhos Faleceu em Caruaru (PE), aos 91 anos e 1 m\u00eas, na noite de ontem o Sr. Valdemar Ferraz, v\u00edtima de infarto, depois de ter passado mal no lugarejo Nazar\u00e9 dos Picos, em Pernambuco, sua terra natal. Ele estava em companhia dos filhos Jo\u00e3o e Ac\u00e1cio Ferraz e foram [&hellip;]<\/p>\n","protected":false},"author":2,"featured_media":0,"comment_status":"open","ping_status":"open","sticky":false,"template":"","format":"standard","meta":{"footnotes":"","_links_to":"","_links_to_target":""},"categories":[1],"tags":[],"class_list":["post-18104","post","type-post","status-publish","format-standard","hentry","category-geral"],"views":1844,"_links":{"self":[{"href":"https:\/\/www.sudoestehoje.com.br\/novoportal\/wp-json\/wp\/v2\/posts\/18104","targetHints":{"allow":["GET"]}}],"collection":[{"href":"https:\/\/www.sudoestehoje.com.br\/novoportal\/wp-json\/wp\/v2\/posts"}],"about":[{"href":"https:\/\/www.sudoestehoje.com.br\/novoportal\/wp-json\/wp\/v2\/types\/post"}],"author":[{"embeddable":true,"href":"https:\/\/www.sudoestehoje.com.br\/novoportal\/wp-json\/wp\/v2\/users\/2"}],"replies":[{"embeddable":true,"href":"https:\/\/www.sudoestehoje.com.br\/novoportal\/wp-json\/wp\/v2\/comments?post=18104"}],"version-history":[{"count":5,"href":"https:\/\/www.sudoestehoje.com.br\/novoportal\/wp-json\/wp\/v2\/posts\/18104\/revisions"}],"predecessor-version":[{"id":18112,"href":"https:\/\/www.sudoestehoje.com.br\/novoportal\/wp-json\/wp\/v2\/posts\/18104\/revisions\/18112"}],"wp:attachment":[{"href":"https:\/\/www.sudoestehoje.com.br\/novoportal\/wp-json\/wp\/v2\/media?parent=18104"}],"wp:term":[{"taxonomy":"category","embeddable":true,"href":"https:\/\/www.sudoestehoje.com.br\/novoportal\/wp-json\/wp\/v2\/categories?post=18104"},{"taxonomy":"post_tag","embeddable":true,"href":"https:\/\/www.sudoestehoje.com.br\/novoportal\/wp-json\/wp\/v2\/tags?post=18104"}],"curies":[{"name":"wp","href":"https:\/\/api.w.org\/{rel}","templated":true}]}}