
{"id":17981,"date":"2012-07-16T22:42:16","date_gmt":"2012-07-17T01:42:16","guid":{"rendered":"http:\/\/www.sudoestehoje.com.br\/novoportal\/?p=17981"},"modified":"2012-07-26T13:34:18","modified_gmt":"2012-07-26T16:34:18","slug":"candidatura-de-ze-carlos-e-impugnada","status":"publish","type":"post","link":"https:\/\/www.sudoestehoje.com.br\/novoportal\/2012\/07\/16\/candidatura-de-ze-carlos-e-impugnada\/","title":{"rendered":"CANDIDATURA DE Z\u00c9 CARLOS \u00c9 IMPUGNADA"},"content":{"rendered":"<p>&nbsp;<\/p>\n<p style=\"text-align: center;\">Advogados deram entrada no pedido de impugna\u00e7\u00e3o de Z\u00e9 Carlos E Al\u00e9cio Chaves<\/p>\n<p>&nbsp;<\/p>\n<p>ITAPETINGA: A Coliga\u00e7\u00e3o Novo Tempo para Itapetinga, encabe\u00e7ada por Dr. Arnaldo e Geraldo Trindade, atrav\u00e9s de sua Assessoria Jur\u00eddica, ingressou, \u00a0no final da tarde deste domingo, na Justi\u00e7a Eleitoral, com uma A\u00e7\u00e3o de Impugna\u00e7\u00e3o de Registro de Candidatura do prefeito Jos\u00e9 Carlos Moura.<\/p>\n<p>O pedido de impugna\u00e7\u00e3o abrange a coliga\u00e7\u00e3o da chapa majorit\u00e1ria encabe\u00e7ada pelo PT em Itapetinga. O motivo da a\u00e7\u00e3o \u00e9 a perda do prazo legal para o registro da candidatura, o qual deveria ter ocorrido at\u00e9 o dia 05 de julho, \u00e0s 19 horas, mas somente foi dada entrada pela coliga\u00e7\u00e3o do prefeito no dia 7 de julho.<\/p>\n<p>O prazo para aprecia\u00e7\u00e3o e julgamento de todas as a\u00e7\u00f5es de impugna\u00e7\u00e3o de candidaturas e representa\u00e7\u00f5es contra candidatos, pela Justi\u00e7a Eleitoral, termina no dia 05 de agosto.\u00a0 At\u00e9 l\u00e1, portanto, todos os processos dever\u00e3o estar julgados.\u00a0 Agora o PT de Itapetinga ter\u00e1 que esperar para saber se poder\u00e1 mesmo arriscar colocar sua campanha na rua.<\/p>\n<p>Enquanto isso, as demais coliga\u00e7\u00f5es avan\u00e7am no processo de campanha, saindo na frente a Coliga\u00e7\u00e3o Novo Tempo para Itapetinga, liderada pelos candidatos Arnaldo Texeira e Geraldo Trindade, numa frente oposicionista que re\u00fane oito partidos (PR, DEM, PP, PTB, PSDC, PSB, PTdoB e PV) e j\u00e1 colocou seus carros de som nas ruas e dever\u00e1 inaugurar no pr\u00f3ximo s\u00e1bado seu comit\u00ea de campanha.<\/p>\n<p><a href=\"http:\/\/www.sudoestehoje.com.br\/novoportal\/wp-content\/uploads\/2012\/07\/attachment-1281846864.pdf\">CONFIRA A IMPUGNA\u00c7\u00c3O NA \u00cdNTEGRA<\/a><\/p>\n<p><em>Ascom PR<\/em><\/p>\n","protected":false},"excerpt":{"rendered":"<p>&nbsp; Advogados deram entrada no pedido de impugna\u00e7\u00e3o de Z\u00e9 Carlos E Al\u00e9cio Chaves &nbsp; ITAPETINGA: A Coliga\u00e7\u00e3o Novo Tempo para Itapetinga, encabe\u00e7ada por Dr. Arnaldo e Geraldo Trindade, atrav\u00e9s de sua Assessoria Jur\u00eddica, ingressou, \u00a0no final da tarde deste domingo, na Justi\u00e7a Eleitoral, com uma A\u00e7\u00e3o de Impugna\u00e7\u00e3o de Registro de Candidatura do prefeito [&hellip;]<\/p>\n","protected":false},"author":2,"featured_media":0,"comment_status":"open","ping_status":"open","sticky":false,"template":"","format":"standard","meta":{"footnotes":"","_links_to":"","_links_to_target":""},"categories":[1],"tags":[],"class_list":["post-17981","post","type-post","status-publish","format-standard","hentry","category-geral"],"views":1289,"_links":{"self":[{"href":"https:\/\/www.sudoestehoje.com.br\/novoportal\/wp-json\/wp\/v2\/posts\/17981","targetHints":{"allow":["GET"]}}],"collection":[{"href":"https:\/\/www.sudoestehoje.com.br\/novoportal\/wp-json\/wp\/v2\/posts"}],"about":[{"href":"https:\/\/www.sudoestehoje.com.br\/novoportal\/wp-json\/wp\/v2\/types\/post"}],"author":[{"embeddable":true,"href":"https:\/\/www.sudoestehoje.com.br\/novoportal\/wp-json\/wp\/v2\/users\/2"}],"replies":[{"embeddable":true,"href":"https:\/\/www.sudoestehoje.com.br\/novoportal\/wp-json\/wp\/v2\/comments?post=17981"}],"version-history":[{"count":8,"href":"https:\/\/www.sudoestehoje.com.br\/novoportal\/wp-json\/wp\/v2\/posts\/17981\/revisions"}],"predecessor-version":[{"id":17986,"href":"https:\/\/www.sudoestehoje.com.br\/novoportal\/wp-json\/wp\/v2\/posts\/17981\/revisions\/17986"}],"wp:attachment":[{"href":"https:\/\/www.sudoestehoje.com.br\/novoportal\/wp-json\/wp\/v2\/media?parent=17981"}],"wp:term":[{"taxonomy":"category","embeddable":true,"href":"https:\/\/www.sudoestehoje.com.br\/novoportal\/wp-json\/wp\/v2\/categories?post=17981"},{"taxonomy":"post_tag","embeddable":true,"href":"https:\/\/www.sudoestehoje.com.br\/novoportal\/wp-json\/wp\/v2\/tags?post=17981"}],"curies":[{"name":"wp","href":"https:\/\/api.w.org\/{rel}","templated":true}]}}