
{"id":17970,"date":"2012-07-15T00:01:25","date_gmt":"2012-07-15T03:01:25","guid":{"rendered":"http:\/\/www.sudoestehoje.com.br\/novoportal\/?p=17970"},"modified":"2012-07-14T22:15:56","modified_gmt":"2012-07-15T01:15:56","slug":"marcos-galvao-se-reune-com-jovens-de-ibicui","status":"publish","type":"post","link":"https:\/\/www.sudoestehoje.com.br\/novoportal\/2012\/07\/15\/marcos-galvao-se-reune-com-jovens-de-ibicui\/","title":{"rendered":"MARCOS GALV\u00c3O SE RE\u00daNE COM JOVENS DE IBICU\u00cd"},"content":{"rendered":"<p><img decoding=\"async\" class=\"aligncenter\" src=\"http:\/\/www.politicosdosuldabahia.com.br\/v1\/wp-content\/uploads\/2012\/07\/IMG_0056.jpg\" alt=\"\" width=\"400\" \/><\/p>\n<p>&nbsp;<\/p>\n<p>IBICU\u00cd: Ocorreu nesta sexta-feira, em Ibicu\u00ed, uma concorrida reuni\u00e3o do Partido dos\u00a0Trabalhadores, para apresentar as propostas do candidato a prefeito Marcos Galv\u00e3o, \u00e0 popula\u00e7\u00e3o jovem local.\u00a0O candidato, que tamb\u00e9m \u00e9 empres\u00e1rio e dono da Contato Produ\u00e7\u00f5es, empresa que realiza o Brega Light, demonstrou em seu discurso um grande interesse em melhorar a vida dos jovens de Ibicu\u00ed, que n\u00e3o t\u00eam oportunidades de crescer profissionalmente, devido \u00e0 limita\u00e7\u00e3o educacional que algumas pequenas cidades do interior da Bahia enfrentam.\u00a0\u201cO Jovem \u00e9 uma estrela, implantar cursos t\u00e9cnicos em Ibicu\u00ed far\u00e1 com que essa estrela brilhe muito mais\u201d, afirmou Marcos Galv\u00e3o, em entrevista ao site Ibicu\u00ed Net.<\/p>\n<p><img decoding=\"async\" class=\"aligncenter\" src=\"http:\/\/www.politicosdosuldabahia.com.br\/v1\/wp-content\/uploads\/2012\/07\/IMG_0033.jpg\" alt=\"\" width=\"400\" \/><\/p>\n<p>Os organizadores do evento esperavam cerca de 100 pessoas, por\u00e9m o interesse da juventude local foi t\u00e3o grande que o evento acomodou mais de 700 pessoas.\u00a0\u201cO Partido dos Trabalhadores tem uma preocupa\u00e7\u00e3o muito grande com o ser humano, ficamos felizes ao saber que a popula\u00e7\u00e3o de Ibicu\u00ed est\u00e1 interessada em caminhar rumo \u00e0 evolu\u00e7\u00e3o. Prova disto foi a manifesta\u00e7\u00e3o do p\u00fablico no evento. Est\u00e1vamos esperando cerca de 100 pessoas e recebemos aproximadamente 750\u201d, concluiu F\u00e9lix Limoeiro, presidente do PT de Ibicu\u00ed.<\/p>\n<p>Marcos encerrou o evento convidando a popula\u00e7\u00e3o a acompanh\u00e1-lo em uma visita a ao distrito de \u00c1gua Doce, \u00a0neste domingo.<\/p>\n<p><em>Ascom PT Ibicu\u00ed<\/em><\/p>\n<p>&nbsp;<\/p>\n","protected":false},"excerpt":{"rendered":"<p>&nbsp; IBICU\u00cd: Ocorreu nesta sexta-feira, em Ibicu\u00ed, uma concorrida reuni\u00e3o do Partido dos\u00a0Trabalhadores, para apresentar as propostas do candidato a prefeito Marcos Galv\u00e3o, \u00e0 popula\u00e7\u00e3o jovem local.\u00a0O candidato, que tamb\u00e9m \u00e9 empres\u00e1rio e dono da Contato Produ\u00e7\u00f5es, empresa que realiza o Brega Light, demonstrou em seu discurso um grande interesse em melhorar a vida dos [&hellip;]<\/p>\n","protected":false},"author":2,"featured_media":0,"comment_status":"open","ping_status":"open","sticky":false,"template":"","format":"standard","meta":{"footnotes":"","_links_to":"","_links_to_target":""},"categories":[1],"tags":[],"class_list":["post-17970","post","type-post","status-publish","format-standard","hentry","category-geral"],"views":1337,"_links":{"self":[{"href":"https:\/\/www.sudoestehoje.com.br\/novoportal\/wp-json\/wp\/v2\/posts\/17970","targetHints":{"allow":["GET"]}}],"collection":[{"href":"https:\/\/www.sudoestehoje.com.br\/novoportal\/wp-json\/wp\/v2\/posts"}],"about":[{"href":"https:\/\/www.sudoestehoje.com.br\/novoportal\/wp-json\/wp\/v2\/types\/post"}],"author":[{"embeddable":true,"href":"https:\/\/www.sudoestehoje.com.br\/novoportal\/wp-json\/wp\/v2\/users\/2"}],"replies":[{"embeddable":true,"href":"https:\/\/www.sudoestehoje.com.br\/novoportal\/wp-json\/wp\/v2\/comments?post=17970"}],"version-history":[{"count":4,"href":"https:\/\/www.sudoestehoje.com.br\/novoportal\/wp-json\/wp\/v2\/posts\/17970\/revisions"}],"predecessor-version":[{"id":17974,"href":"https:\/\/www.sudoestehoje.com.br\/novoportal\/wp-json\/wp\/v2\/posts\/17970\/revisions\/17974"}],"wp:attachment":[{"href":"https:\/\/www.sudoestehoje.com.br\/novoportal\/wp-json\/wp\/v2\/media?parent=17970"}],"wp:term":[{"taxonomy":"category","embeddable":true,"href":"https:\/\/www.sudoestehoje.com.br\/novoportal\/wp-json\/wp\/v2\/categories?post=17970"},{"taxonomy":"post_tag","embeddable":true,"href":"https:\/\/www.sudoestehoje.com.br\/novoportal\/wp-json\/wp\/v2\/tags?post=17970"}],"curies":[{"name":"wp","href":"https:\/\/api.w.org\/{rel}","templated":true}]}}