
{"id":17967,"date":"2012-07-15T00:02:36","date_gmt":"2012-07-15T03:02:36","guid":{"rendered":"http:\/\/www.sudoestehoje.com.br\/novoportal\/?p=17967"},"modified":"2012-07-14T22:17:17","modified_gmt":"2012-07-15T01:17:17","slug":"ninguem-quer-wagner-no-palanque","status":"publish","type":"post","link":"https:\/\/www.sudoestehoje.com.br\/novoportal\/2012\/07\/15\/ninguem-quer-wagner-no-palanque\/","title":{"rendered":"NINGU\u00c9M QUER WAGNER NO PALANQUE"},"content":{"rendered":"<p><img decoding=\"async\" class=\"aligncenter\" src=\"http:\/\/www.politicalivre.com.br\/wp-content\/thumbgen_cache\/116a599b3c5a7e915875a357096ec469.jpg\" alt=\"\" width=\"400\" \/><\/p>\n<p>&nbsp;<\/p>\n<p>Deu no Cl\u00e1udio Humberto: \u201cDesgastado com a greve dos professores, que j\u00e1 dura 95 dias na Bahia, o governador Jaques Wagner (PT) est\u00e1 recluso da campanha do petista Nelson Pellegrino \u00e0 Prefeitura de Salvador. Ele quer evitar que o clima prejudique a campanha petista pela prefeitura da capital baiana. Pellegrino ficou aliviado. Em p\u00e9 de guerra, educadores t\u00eam vaiado Wagner em todos os eventos dos quais ele ainda ousa participar. O presidente do Sindicado dos Trabalhadores em Educa\u00e7\u00e3o da Bahia, Rui Oliveira, \u00e9 do PCdoB, sigla aliada de Jaques Wagner e Pellegrino. O inferno astral de Jaques Wagner faz a del\u00edcia de empres\u00e1rios que foram atormentados pelo seu radicalismo, quando foi sindicalista.\u201d<\/p>\n","protected":false},"excerpt":{"rendered":"<p>&nbsp; Deu no Cl\u00e1udio Humberto: \u201cDesgastado com a greve dos professores, que j\u00e1 dura 95 dias na Bahia, o governador Jaques Wagner (PT) est\u00e1 recluso da campanha do petista Nelson Pellegrino \u00e0 Prefeitura de Salvador. Ele quer evitar que o clima prejudique a campanha petista pela prefeitura da capital baiana. Pellegrino ficou aliviado. Em p\u00e9 [&hellip;]<\/p>\n","protected":false},"author":2,"featured_media":0,"comment_status":"open","ping_status":"open","sticky":false,"template":"","format":"standard","meta":{"footnotes":"","_links_to":"","_links_to_target":""},"categories":[1],"tags":[],"class_list":["post-17967","post","type-post","status-publish","format-standard","hentry","category-geral"],"views":1330,"_links":{"self":[{"href":"https:\/\/www.sudoestehoje.com.br\/novoportal\/wp-json\/wp\/v2\/posts\/17967","targetHints":{"allow":["GET"]}}],"collection":[{"href":"https:\/\/www.sudoestehoje.com.br\/novoportal\/wp-json\/wp\/v2\/posts"}],"about":[{"href":"https:\/\/www.sudoestehoje.com.br\/novoportal\/wp-json\/wp\/v2\/types\/post"}],"author":[{"embeddable":true,"href":"https:\/\/www.sudoestehoje.com.br\/novoportal\/wp-json\/wp\/v2\/users\/2"}],"replies":[{"embeddable":true,"href":"https:\/\/www.sudoestehoje.com.br\/novoportal\/wp-json\/wp\/v2\/comments?post=17967"}],"version-history":[{"count":3,"href":"https:\/\/www.sudoestehoje.com.br\/novoportal\/wp-json\/wp\/v2\/posts\/17967\/revisions"}],"predecessor-version":[{"id":17975,"href":"https:\/\/www.sudoestehoje.com.br\/novoportal\/wp-json\/wp\/v2\/posts\/17967\/revisions\/17975"}],"wp:attachment":[{"href":"https:\/\/www.sudoestehoje.com.br\/novoportal\/wp-json\/wp\/v2\/media?parent=17967"}],"wp:term":[{"taxonomy":"category","embeddable":true,"href":"https:\/\/www.sudoestehoje.com.br\/novoportal\/wp-json\/wp\/v2\/categories?post=17967"},{"taxonomy":"post_tag","embeddable":true,"href":"https:\/\/www.sudoestehoje.com.br\/novoportal\/wp-json\/wp\/v2\/tags?post=17967"}],"curies":[{"name":"wp","href":"https:\/\/api.w.org\/{rel}","templated":true}]}}