
{"id":17946,"date":"2012-07-14T09:14:09","date_gmt":"2012-07-14T12:14:09","guid":{"rendered":"http:\/\/www.sudoestehoje.com.br\/novoportal\/?p=17946"},"modified":"2012-07-14T09:14:09","modified_gmt":"2012-07-14T12:14:09","slug":"estrada-da-uesb-sera-iluminada-a-pedido-de-alfredo-cabral","status":"publish","type":"post","link":"https:\/\/www.sudoestehoje.com.br\/novoportal\/2012\/07\/14\/estrada-da-uesb-sera-iluminada-a-pedido-de-alfredo-cabral\/","title":{"rendered":"ESTRADA DA UESB SER\u00c1 ILUMINADA A PEDIDO DE ALFREDO CABRAL"},"content":{"rendered":"<p style=\"text-align: center;\"><a href=\"http:\/\/www.sudoestehoje.com.br\/novoportal\/wp-content\/uploads\/2012\/07\/ALFREDO.jpg\"><img decoding=\"async\" class=\"aligncenter  wp-image-17947\" title=\"ALFREDO\" src=\"http:\/\/www.sudoestehoje.com.br\/novoportal\/wp-content\/uploads\/2012\/07\/ALFREDO-500x700.jpg\" alt=\"\" width=\"300\" srcset=\"https:\/\/www.sudoestehoje.com.br\/novoportal\/wp-content\/uploads\/2012\/07\/ALFREDO-500x700.jpg 500w, https:\/\/www.sudoestehoje.com.br\/novoportal\/wp-content\/uploads\/2012\/07\/ALFREDO.jpg 685w\" sizes=\"(max-width: 500px) 100vw, 500px\" \/><\/a><\/p>\n<p>&nbsp;<\/p>\n<p>ITAPETINGA: Atendendo a um pedido do vereador Alfredo Cabral (PSD), o vice-Governador e Secret\u00e1rio da Infra-Estrutura, Otto Alencar, determinou a ilumina\u00e7\u00e3o do trecho na BA-263, entre \u00a0a lagoa e o campus da UESB, em Itapetinga, uma reivindica\u00e7\u00e3o antiga dos estudantes da UESB e dos moradores dos bairros Quintas do Sul, Primavera, Am\u00e9rico Nogueira, Quintas do Morumbi e Recanto da Colina.<\/p>\n<p style=\"text-align: center;\"><a href=\"http:\/\/www.sudoestehoje.com.br\/novoportal\/wp-content\/uploads\/2012\/07\/100_7281.jpg\"><img decoding=\"async\" class=\"aligncenter  wp-image-17948\" title=\"100_7281\" src=\"http:\/\/www.sudoestehoje.com.br\/novoportal\/wp-content\/uploads\/2012\/07\/100_7281-500x375.jpg\" alt=\"\" width=\"400\" srcset=\"https:\/\/www.sudoestehoje.com.br\/novoportal\/wp-content\/uploads\/2012\/07\/100_7281-500x375.jpg 500w, https:\/\/www.sudoestehoje.com.br\/novoportal\/wp-content\/uploads\/2012\/07\/100_7281-1024x768.jpg 1024w\" sizes=\"(max-width: 500px) 100vw, 500px\" \/><\/a><\/p>\n<p>A ilumina\u00e7\u00e3o, cuja instala\u00e7\u00e3o j\u00e1 est\u00e1 sendo implantada pela Coelba, contar\u00e1 com postes dos dois lados da pista e l\u00e2mpadas a vapor de s\u00f3dio (amarelas), de 400 wats, conforme informa\u00e7\u00e3o da Coelba. Coube \u00e0 prefeitura de Itapetinga, apenas assinar o &#8216;termo de anu\u00eancia&#8217; para a cobran\u00e7a da Taxa de Ilumina\u00e7\u00e3o P\u00fablica (TIP), que \u00e9 descontada nas contas de energia pagas pelos consumidores.<\/p>\n<p>Segundo o vereador Alfredo Cabral, as obras dever\u00e3o estar prontas ainda no m\u00eas de agosto.<\/p>\n<p><strong><em>Da Reda\u00e7\u00e3o\u00a0<\/em><\/strong><\/p>\n","protected":false},"excerpt":{"rendered":"<p>&nbsp; ITAPETINGA: Atendendo a um pedido do vereador Alfredo Cabral (PSD), o vice-Governador e Secret\u00e1rio da Infra-Estrutura, Otto Alencar, determinou a ilumina\u00e7\u00e3o do trecho na BA-263, entre \u00a0a lagoa e o campus da UESB, em Itapetinga, uma reivindica\u00e7\u00e3o antiga dos estudantes da UESB e dos moradores dos bairros Quintas do Sul, Primavera, Am\u00e9rico Nogueira, Quintas [&hellip;]<\/p>\n","protected":false},"author":2,"featured_media":0,"comment_status":"open","ping_status":"open","sticky":false,"template":"","format":"standard","meta":{"footnotes":"","_links_to":"","_links_to_target":""},"categories":[1],"tags":[],"class_list":["post-17946","post","type-post","status-publish","format-standard","hentry","category-geral"],"views":1960,"_links":{"self":[{"href":"https:\/\/www.sudoestehoje.com.br\/novoportal\/wp-json\/wp\/v2\/posts\/17946","targetHints":{"allow":["GET"]}}],"collection":[{"href":"https:\/\/www.sudoestehoje.com.br\/novoportal\/wp-json\/wp\/v2\/posts"}],"about":[{"href":"https:\/\/www.sudoestehoje.com.br\/novoportal\/wp-json\/wp\/v2\/types\/post"}],"author":[{"embeddable":true,"href":"https:\/\/www.sudoestehoje.com.br\/novoportal\/wp-json\/wp\/v2\/users\/2"}],"replies":[{"embeddable":true,"href":"https:\/\/www.sudoestehoje.com.br\/novoportal\/wp-json\/wp\/v2\/comments?post=17946"}],"version-history":[{"count":1,"href":"https:\/\/www.sudoestehoje.com.br\/novoportal\/wp-json\/wp\/v2\/posts\/17946\/revisions"}],"predecessor-version":[{"id":17949,"href":"https:\/\/www.sudoestehoje.com.br\/novoportal\/wp-json\/wp\/v2\/posts\/17946\/revisions\/17949"}],"wp:attachment":[{"href":"https:\/\/www.sudoestehoje.com.br\/novoportal\/wp-json\/wp\/v2\/media?parent=17946"}],"wp:term":[{"taxonomy":"category","embeddable":true,"href":"https:\/\/www.sudoestehoje.com.br\/novoportal\/wp-json\/wp\/v2\/categories?post=17946"},{"taxonomy":"post_tag","embeddable":true,"href":"https:\/\/www.sudoestehoje.com.br\/novoportal\/wp-json\/wp\/v2\/tags?post=17946"}],"curies":[{"name":"wp","href":"https:\/\/api.w.org\/{rel}","templated":true}]}}