
{"id":17942,"date":"2012-07-14T09:30:52","date_gmt":"2012-07-14T12:30:52","guid":{"rendered":"http:\/\/www.sudoestehoje.com.br\/novoportal\/?p=17942"},"modified":"2012-07-14T09:30:21","modified_gmt":"2012-07-14T12:30:21","slug":"candidatura-de-alecio-chaves-e-impugnada-na-justica-eleitoral","status":"publish","type":"post","link":"https:\/\/www.sudoestehoje.com.br\/novoportal\/2012\/07\/14\/candidatura-de-alecio-chaves-e-impugnada-na-justica-eleitoral\/","title":{"rendered":"CANDIDATURA DE AL\u00c9CIO CHAVES \u00c9 IMPUGNADA NA JUSTI\u00c7A ELEITORAL"},"content":{"rendered":"<p style=\"text-align: center;\"><em>Foto Itapetinga Agora<\/em><\/p>\n<p><img decoding=\"async\" class=\"aligncenter\" src=\"http:\/\/4.bp.blogspot.com\/_vBEVDLY91Ww\/S9ee5MPy4yI\/AAAAAAAAB8Y\/Lja8vJicRBY\/s400\/INAUGURA%C3%87%C3%83O+SEC.jpg\" alt=\"\" \/><\/p>\n<p>ITAPETINGA: O candidato a vice-prefeito na chapa petistas do prefeito Jos\u00e9 Carlos Moura teve a sua candidatura impugnada, nesta sexta- feira pela coliga\u00e7\u00e3o &#8216;Itapetinga em Boas M\u00e3os&#8217;, formada pelos partidos PMDB e PCdoB, que elegou a inelegibilidade do candidato petista, por n\u00e3o ter se desincompatibilizado do cargo de secret\u00e1rio municipal, no prazo determinado pela lei eleitoral, ou seja, quatro meses antes do pleito.<\/p>\n<p>Em uma a\u00e7\u00e3o de &#8216;Danos Morais&#8217; que move no Juizado Especial C\u00edvel de Itapetinga contra o site <em>Sudoeste Hoje<\/em> e seu editor, o pr\u00f3prio Al\u00e9cio, atrav\u00e9s de sua advogada, confessa expressamente que exercia o cargo de Secret\u00e1rio de Governo da Prefeitura de Itapetinga, at\u00e9 a data do ingresso da a\u00e7\u00e3o, no dia 11 de junho de 2012, quatro dias ap\u00f3s o t\u00e9rmino do prazo legal para o afastamento previsto na lei.<\/p>\n<p>O candidato petista ainda \u00e9 investigado pelo Minist\u00e9rio P\u00fablico local, por acumular ilegalmente, durante mais de tr\u00eas anos, os cargos de professor da rede estadual e de secret\u00e1rio municipal. Caso a Justi\u00e7a Eleitoral confirme a sua inelegibilidade, o PT ter\u00e1 que substitu\u00ed-lo na chapa majorit\u00e1ria.<\/p>\n<p><strong><em>Por Davi Ferraz\u00a0<\/em><\/strong><\/p>\n","protected":false},"excerpt":{"rendered":"<p>Foto Itapetinga Agora ITAPETINGA: O candidato a vice-prefeito na chapa petistas do prefeito Jos\u00e9 Carlos Moura teve a sua candidatura impugnada, nesta sexta- feira pela coliga\u00e7\u00e3o &#8216;Itapetinga em Boas M\u00e3os&#8217;, formada pelos partidos PMDB e PCdoB, que elegou a inelegibilidade do candidato petista, por n\u00e3o ter se desincompatibilizado do cargo de secret\u00e1rio municipal, no prazo [&hellip;]<\/p>\n","protected":false},"author":2,"featured_media":0,"comment_status":"open","ping_status":"open","sticky":false,"template":"","format":"standard","meta":{"footnotes":"","_links_to":"","_links_to_target":""},"categories":[1],"tags":[],"class_list":["post-17942","post","type-post","status-publish","format-standard","hentry","category-geral"],"views":1886,"_links":{"self":[{"href":"https:\/\/www.sudoestehoje.com.br\/novoportal\/wp-json\/wp\/v2\/posts\/17942","targetHints":{"allow":["GET"]}}],"collection":[{"href":"https:\/\/www.sudoestehoje.com.br\/novoportal\/wp-json\/wp\/v2\/posts"}],"about":[{"href":"https:\/\/www.sudoestehoje.com.br\/novoportal\/wp-json\/wp\/v2\/types\/post"}],"author":[{"embeddable":true,"href":"https:\/\/www.sudoestehoje.com.br\/novoportal\/wp-json\/wp\/v2\/users\/2"}],"replies":[{"embeddable":true,"href":"https:\/\/www.sudoestehoje.com.br\/novoportal\/wp-json\/wp\/v2\/comments?post=17942"}],"version-history":[{"count":4,"href":"https:\/\/www.sudoestehoje.com.br\/novoportal\/wp-json\/wp\/v2\/posts\/17942\/revisions"}],"predecessor-version":[{"id":17944,"href":"https:\/\/www.sudoestehoje.com.br\/novoportal\/wp-json\/wp\/v2\/posts\/17942\/revisions\/17944"}],"wp:attachment":[{"href":"https:\/\/www.sudoestehoje.com.br\/novoportal\/wp-json\/wp\/v2\/media?parent=17942"}],"wp:term":[{"taxonomy":"category","embeddable":true,"href":"https:\/\/www.sudoestehoje.com.br\/novoportal\/wp-json\/wp\/v2\/categories?post=17942"},{"taxonomy":"post_tag","embeddable":true,"href":"https:\/\/www.sudoestehoje.com.br\/novoportal\/wp-json\/wp\/v2\/tags?post=17942"}],"curies":[{"name":"wp","href":"https:\/\/api.w.org\/{rel}","templated":true}]}}