
{"id":17930,"date":"2012-07-14T07:59:25","date_gmt":"2012-07-14T10:59:25","guid":{"rendered":"http:\/\/www.sudoestehoje.com.br\/novoportal\/?p=17930"},"modified":"2012-07-14T07:59:25","modified_gmt":"2012-07-14T10:59:25","slug":"blog-diz-que-renan-pereira-apoiou-a-candidatura-de-ze-carlos","status":"publish","type":"post","link":"https:\/\/www.sudoestehoje.com.br\/novoportal\/2012\/07\/14\/blog-diz-que-renan-pereira-apoiou-a-candidatura-de-ze-carlos\/","title":{"rendered":"BLOG DIZ QUE RENAN PEREIRA APOIOU A CANDIDATURA DE Z\u00c9 CARLOS"},"content":{"rendered":"<p><img decoding=\"async\" class=\"aligncenter\" src=\"http:\/\/www.blogdodigadiga.com.br\/wp-content\/uploads\/2012\/07\/Renan-Pereira.png\" alt=\"\" width=\"250\" \/><\/p>\n<p>&nbsp;<\/p>\n<p>ITAPETINGA: Nos \u00faltimos dias, tem circulado por toda a cidade o boato de que o democrata Renan Pereira, conhecido no meio pol\u00edtico como &#8220;o trator&#8221;, teria manifestado o seu apoio \u00e0 candidatura do prefeito Jos\u00e9 Carlos Moura (PT), com grandes chances de vir a coordenar a campanha do petista, seu advers\u00e1rio na \u00faltima elei\u00e7\u00e3o de 2008. Especula-se, tamb\u00e9m, que Renan Pereira pode vir a ocupar a Secretaria de Fazenda do Munic\u00edpio, no lugar de Zen\u00f3bio Cirqueira.<\/p>\n<p>Sobre este assunto, o Blog Diga Diga Not\u00edcias, do itapetinguense Diego Rodrigues, publicou a seguinte mat\u00e9ria, que reproduzimos na \u00edntegra:<\/p>\n<p><em>&#8220;Renan Pereira figura conhecida na pol\u00edtica como \u201csem prest\u00edgio\u201d e \u201cvoto\u201d, declarou apoio ao prefeito Jos\u00e9 Carlos Moura (PT,) no ultimo s\u00e1bado (07), com a presen\u00e7a de outras meia d\u00fazias de cabo eleitorais sem respaldo pol\u00edtico em Itapetinga. O ex-candidato a prefeito n\u00e3o conseguiu aumentar sua vota\u00e7\u00e3o nem com o apoio da maior for\u00e7a pol\u00edtica de Itapetinga, Jos\u00e9 Ot\u00e1vio, ficando, por assim dizer, provado que o arrogante n\u00e3o tem vez na pol\u00edtica itapetinguense. Quando Dr. Jos\u00e9 Ot\u00e1vio lan\u00e7ou Renan Pereira como candidato a prefeito, deu um passo para eleger o atual prefeito Jos\u00e9 Carlos, uma vez que os seguidores de Jos\u00e9 Ot\u00e1vio n\u00e3o aceitavam o nome do \u201cimpopular Renan\u201d que queria de todas as formas ser prefeito de Itapetinga. Com a rejei\u00e7\u00e3o de Renan, o grupo de Jos\u00e9 Ot\u00e1vio n\u00e3o viu outra solu\u00e7\u00e3o a n\u00e3o ser votar no candidato Z\u00e9 Carlos (PT). Agora Renan Pereira com todo seu azar e falta de carisma conquistou o seu verdadeiro espa\u00e7o dentro do famigerado grupo de Z\u00e9 Carlos. Ser\u00e1 que o Grupo de Jos\u00e9 Carlos est\u00e1 achando que o voto que Renan obteve na elei\u00e7\u00e3o passada foi por m\u00e9rito dele? Espero que a resposta seja negativa, pois achar isso \u00e9 atestar incompet\u00eancia na an\u00e1lise da pol\u00edtica.&#8221;<\/em><\/p>\n<p>A nossa reportagem tentou entrar em contato com o democrata Renan, mas o seu telefone celular se encontrava na caixa postal. Fica, desde j\u00e1, assegurado a Renan Pereira, o direito de resposta, caso deseje.<\/p>\n<p><strong><em>Da Reda\u00e7\u00e3o<\/em><\/strong><em> (com informa\u00e7\u00f5es do Diga Diga Not\u00edcias)<\/em><\/p>\n","protected":false},"excerpt":{"rendered":"<p>&nbsp; ITAPETINGA: Nos \u00faltimos dias, tem circulado por toda a cidade o boato de que o democrata Renan Pereira, conhecido no meio pol\u00edtico como &#8220;o trator&#8221;, teria manifestado o seu apoio \u00e0 candidatura do prefeito Jos\u00e9 Carlos Moura (PT), com grandes chances de vir a coordenar a campanha do petista, seu advers\u00e1rio na \u00faltima elei\u00e7\u00e3o [&hellip;]<\/p>\n","protected":false},"author":2,"featured_media":0,"comment_status":"open","ping_status":"open","sticky":false,"template":"","format":"standard","meta":{"footnotes":"","_links_to":"","_links_to_target":""},"categories":[1],"tags":[],"class_list":["post-17930","post","type-post","status-publish","format-standard","hentry","category-geral"],"views":2277,"_links":{"self":[{"href":"https:\/\/www.sudoestehoje.com.br\/novoportal\/wp-json\/wp\/v2\/posts\/17930","targetHints":{"allow":["GET"]}}],"collection":[{"href":"https:\/\/www.sudoestehoje.com.br\/novoportal\/wp-json\/wp\/v2\/posts"}],"about":[{"href":"https:\/\/www.sudoestehoje.com.br\/novoportal\/wp-json\/wp\/v2\/types\/post"}],"author":[{"embeddable":true,"href":"https:\/\/www.sudoestehoje.com.br\/novoportal\/wp-json\/wp\/v2\/users\/2"}],"replies":[{"embeddable":true,"href":"https:\/\/www.sudoestehoje.com.br\/novoportal\/wp-json\/wp\/v2\/comments?post=17930"}],"version-history":[{"count":3,"href":"https:\/\/www.sudoestehoje.com.br\/novoportal\/wp-json\/wp\/v2\/posts\/17930\/revisions"}],"predecessor-version":[{"id":17933,"href":"https:\/\/www.sudoestehoje.com.br\/novoportal\/wp-json\/wp\/v2\/posts\/17930\/revisions\/17933"}],"wp:attachment":[{"href":"https:\/\/www.sudoestehoje.com.br\/novoportal\/wp-json\/wp\/v2\/media?parent=17930"}],"wp:term":[{"taxonomy":"category","embeddable":true,"href":"https:\/\/www.sudoestehoje.com.br\/novoportal\/wp-json\/wp\/v2\/categories?post=17930"},{"taxonomy":"post_tag","embeddable":true,"href":"https:\/\/www.sudoestehoje.com.br\/novoportal\/wp-json\/wp\/v2\/tags?post=17930"}],"curies":[{"name":"wp","href":"https:\/\/api.w.org\/{rel}","templated":true}]}}