
{"id":17899,"date":"2012-07-12T21:41:59","date_gmt":"2012-07-13T00:41:59","guid":{"rendered":"http:\/\/www.sudoestehoje.com.br\/novoportal\/?p=17899"},"modified":"2012-07-12T21:41:59","modified_gmt":"2012-07-13T00:41:59","slug":"governo-e-professores-nao-se-entendem-e-greve-continua","status":"publish","type":"post","link":"https:\/\/www.sudoestehoje.com.br\/novoportal\/2012\/07\/12\/governo-e-professores-nao-se-entendem-e-greve-continua\/","title":{"rendered":"GOVERNO E PROFESSORES N\u00c3O SE ENTENDEM E GREVE CONTINUA"},"content":{"rendered":"<p><img decoding=\"async\" class=\"aligncenter\" src=\"http:\/\/www.blogdaresenhageral.com.br\/v1\/wp-content\/uploads\/264183.gif\" alt=\"\" width=\"400\" \/><\/p>\n<p>&nbsp;<\/p>\n<p>A reuni\u00e3o realizada na tarde desta quinta-feira, 12, entre o governo do estado e os professores em greve, representados pela APLB, com media\u00e7\u00e3o do Minist\u00e9rio P\u00fablico do Estado, n\u00e3o conseguiu colocar fim \u00e0 greve da categoria que j\u00e1 dura 93 dias.<\/p>\n<p>Durante a reuni\u00e3o, o MP entregou ao governo e aos professores um termo de acordo para tentar colocar um ponto final na greve. O termo traz como principais pontos a admiss\u00e3o dos professores demitidos no per\u00edodo de paralisa\u00e7\u00e3o e uma nova data para o pagamento do aumento acordado com o governo.<\/p>\n<p>Por\u00e9m, de acordo com o coordenador-geral do sindicato dos professores (APLB), Rui Oliveira, os termos oferecidos para a negocia\u00e7\u00e3o s\u00e3o insuficientes.<!--more--><\/p>\n<p>Segundo ele, durante a reuni\u00e3o, o governo prop\u00f4s que a categoria abra m\u00e3o dos 7% em ganho real, o que, segundo os professores, \u00e9 algo imposs\u00edvel. \u201cN\u00e3o tem como, n\u00e3o podemos abrir m\u00e3o de direitos j\u00e1 conquistados\u201d, afirma.<\/p>\n<p>Ainda segundo Rui Oliveira, o governo tamb\u00e9m n\u00e3o se posicionou sobre a readmiss\u00e3o dos professores demitidos durante a greve. \u201cO governador diz que pode rever a situa\u00e7\u00e3o dos demitidos, mas n\u00e3o d\u00e1 certeza de nada. Com essas condi\u00e7\u00f5es, se depender do comando de greve, a paralisa\u00e7\u00e3o continua\u201d, explica Rui.<\/p>\n<p>Por\u00e9m, a continuidade da greve s\u00f3 ser\u00e1 decidida na pr\u00f3xima sexta-feira, 13, durante uma reuni\u00e3o realizada com a categoria no estacionamento da Assembleia Legislativa, a partir das 10h.<\/p>\n<p>Representantes do sindicato afirmam que, por enquanto, nenhuma outra reuni\u00e3o para discutir os rumos da greve foi agendada.<\/p>\n<p>A reportagem de A TARDE entrou em contato com a Secretaria de Comunica\u00e7\u00e3o Social do Governo do Estado, mas ainda n\u00e3o obteve resposta.<\/p>\n","protected":false},"excerpt":{"rendered":"<p>&nbsp; A reuni\u00e3o realizada na tarde desta quinta-feira, 12, entre o governo do estado e os professores em greve, representados pela APLB, com media\u00e7\u00e3o do Minist\u00e9rio P\u00fablico do Estado, n\u00e3o conseguiu colocar fim \u00e0 greve da categoria que j\u00e1 dura 93 dias. Durante a reuni\u00e3o, o MP entregou ao governo e aos professores um termo [&hellip;]<\/p>\n","protected":false},"author":2,"featured_media":0,"comment_status":"open","ping_status":"open","sticky":false,"template":"","format":"standard","meta":{"footnotes":"","_links_to":"","_links_to_target":""},"categories":[1],"tags":[],"class_list":["post-17899","post","type-post","status-publish","format-standard","hentry","category-geral"],"views":1459,"_links":{"self":[{"href":"https:\/\/www.sudoestehoje.com.br\/novoportal\/wp-json\/wp\/v2\/posts\/17899","targetHints":{"allow":["GET"]}}],"collection":[{"href":"https:\/\/www.sudoestehoje.com.br\/novoportal\/wp-json\/wp\/v2\/posts"}],"about":[{"href":"https:\/\/www.sudoestehoje.com.br\/novoportal\/wp-json\/wp\/v2\/types\/post"}],"author":[{"embeddable":true,"href":"https:\/\/www.sudoestehoje.com.br\/novoportal\/wp-json\/wp\/v2\/users\/2"}],"replies":[{"embeddable":true,"href":"https:\/\/www.sudoestehoje.com.br\/novoportal\/wp-json\/wp\/v2\/comments?post=17899"}],"version-history":[{"count":2,"href":"https:\/\/www.sudoestehoje.com.br\/novoportal\/wp-json\/wp\/v2\/posts\/17899\/revisions"}],"predecessor-version":[{"id":17901,"href":"https:\/\/www.sudoestehoje.com.br\/novoportal\/wp-json\/wp\/v2\/posts\/17899\/revisions\/17901"}],"wp:attachment":[{"href":"https:\/\/www.sudoestehoje.com.br\/novoportal\/wp-json\/wp\/v2\/media?parent=17899"}],"wp:term":[{"taxonomy":"category","embeddable":true,"href":"https:\/\/www.sudoestehoje.com.br\/novoportal\/wp-json\/wp\/v2\/categories?post=17899"},{"taxonomy":"post_tag","embeddable":true,"href":"https:\/\/www.sudoestehoje.com.br\/novoportal\/wp-json\/wp\/v2\/tags?post=17899"}],"curies":[{"name":"wp","href":"https:\/\/api.w.org\/{rel}","templated":true}]}}