
{"id":17894,"date":"2012-07-12T20:58:55","date_gmt":"2012-07-12T23:58:55","guid":{"rendered":"http:\/\/www.sudoestehoje.com.br\/novoportal\/?p=17894"},"modified":"2012-07-12T22:55:03","modified_gmt":"2012-07-13T01:55:03","slug":"agenda-dos-candidatos-2","status":"publish","type":"post","link":"https:\/\/www.sudoestehoje.com.br\/novoportal\/2012\/07\/12\/agenda-dos-candidatos-2\/","title":{"rendered":"AGENDA DOS CANDIDATOS"},"content":{"rendered":"<p style=\"text-align: center;\" align=\"center\"><a href=\"http:\/\/www.sudoestehoje.com.br\/novoportal\/wp-content\/uploads\/2012\/07\/page-1.jpg\"><img decoding=\"async\" class=\"aligncenter  wp-image-17902\" title=\"page 1\" src=\"http:\/\/www.sudoestehoje.com.br\/novoportal\/wp-content\/uploads\/2012\/07\/page-1-500x166.jpg\" alt=\"\" width=\"400\" srcset=\"https:\/\/www.sudoestehoje.com.br\/novoportal\/wp-content\/uploads\/2012\/07\/page-1-500x166.jpg 500w, https:\/\/www.sudoestehoje.com.br\/novoportal\/wp-content\/uploads\/2012\/07\/page-1.jpg 584w\" sizes=\"(max-width: 500px) 100vw, 500px\" \/><\/a><\/p>\n<p><strong><em>Dr. Arnaldo Teixeira e Geraldo Trindade<\/em><\/strong><\/p>\n<p>Os candidatos do PR e DEM dedicam a agenda desta semana a visitas a dezenas de fam\u00edlias de Itapetinga programadas pelos candidatos a vereador em todos os bairros. Al\u00e9m disso, participam de reuni\u00f5es com lideran\u00e7as de v\u00e1rios segmentos da sociedade, entre empres\u00e1rios, profissionais liberais, dentre outros.\u00a0E ainda participam de grava\u00e7\u00f5es de sua propaganda, reuni\u00f5es de planejamento e cuidam, com sua equipe, de cada detalhe da grande inaugura\u00e7\u00e3o do comit\u00ea de campanha da coliga\u00e7\u00e3o Novo Tempo para Itapetinga, que acontecer\u00e1 em breve, com a presen\u00e7a do deputado estadual Sandro R\u00e9gis (PR).<\/p>\n<p>As agendas dos candidatos Jos\u00e9 Carlos Moura (PT) e K\u00e1tia Espinheira (PMDB) n\u00e3o foram encaminhadas.<\/p>\n<p>&nbsp;<\/p>\n<p>&nbsp;<\/p>\n<p>&nbsp;<\/p>\n","protected":false},"excerpt":{"rendered":"<p>Dr. Arnaldo Teixeira e Geraldo Trindade Os candidatos do PR e DEM dedicam a agenda desta semana a visitas a dezenas de fam\u00edlias de Itapetinga programadas pelos candidatos a vereador em todos os bairros. Al\u00e9m disso, participam de reuni\u00f5es com lideran\u00e7as de v\u00e1rios segmentos da sociedade, entre empres\u00e1rios, profissionais liberais, dentre outros.\u00a0E ainda participam de [&hellip;]<\/p>\n","protected":false},"author":2,"featured_media":0,"comment_status":"open","ping_status":"open","sticky":false,"template":"","format":"standard","meta":{"footnotes":"","_links_to":"","_links_to_target":""},"categories":[1],"tags":[],"class_list":["post-17894","post","type-post","status-publish","format-standard","hentry","category-geral"],"views":1179,"_links":{"self":[{"href":"https:\/\/www.sudoestehoje.com.br\/novoportal\/wp-json\/wp\/v2\/posts\/17894","targetHints":{"allow":["GET"]}}],"collection":[{"href":"https:\/\/www.sudoestehoje.com.br\/novoportal\/wp-json\/wp\/v2\/posts"}],"about":[{"href":"https:\/\/www.sudoestehoje.com.br\/novoportal\/wp-json\/wp\/v2\/types\/post"}],"author":[{"embeddable":true,"href":"https:\/\/www.sudoestehoje.com.br\/novoportal\/wp-json\/wp\/v2\/users\/2"}],"replies":[{"embeddable":true,"href":"https:\/\/www.sudoestehoje.com.br\/novoportal\/wp-json\/wp\/v2\/comments?post=17894"}],"version-history":[{"count":7,"href":"https:\/\/www.sudoestehoje.com.br\/novoportal\/wp-json\/wp\/v2\/posts\/17894\/revisions"}],"predecessor-version":[{"id":17904,"href":"https:\/\/www.sudoestehoje.com.br\/novoportal\/wp-json\/wp\/v2\/posts\/17894\/revisions\/17904"}],"wp:attachment":[{"href":"https:\/\/www.sudoestehoje.com.br\/novoportal\/wp-json\/wp\/v2\/media?parent=17894"}],"wp:term":[{"taxonomy":"category","embeddable":true,"href":"https:\/\/www.sudoestehoje.com.br\/novoportal\/wp-json\/wp\/v2\/categories?post=17894"},{"taxonomy":"post_tag","embeddable":true,"href":"https:\/\/www.sudoestehoje.com.br\/novoportal\/wp-json\/wp\/v2\/tags?post=17894"}],"curies":[{"name":"wp","href":"https:\/\/api.w.org\/{rel}","templated":true}]}}