
{"id":17868,"date":"2012-07-11T22:53:03","date_gmt":"2012-07-12T01:53:03","guid":{"rendered":"http:\/\/www.sudoestehoje.com.br\/novoportal\/?p=17868"},"modified":"2012-07-11T22:53:03","modified_gmt":"2012-07-12T01:53:03","slug":"alfredo-cabral-diz-que-nao-quis-ser-vice-de-ze-carlos","status":"publish","type":"post","link":"https:\/\/www.sudoestehoje.com.br\/novoportal\/2012\/07\/11\/alfredo-cabral-diz-que-nao-quis-ser-vice-de-ze-carlos\/","title":{"rendered":"ALFREDO CABRAL DIZ QUE N\u00c3O QUIS SER VICE DE Z\u00c9 CARLOS"},"content":{"rendered":"<p><img decoding=\"async\" class=\"alignright\" src=\"http:\/\/dimensaojornal.com.br\/wp-content\/uploads\/2012\/01\/tcs-300x186.png\" alt=\"\" \/>ITAPETINGA: Em discurso proferido na sess\u00e3o desta quarta-feira na C\u00e2mara Municipal, o vereador\u00a0Alfredo Cabral de Assis (PSD) n\u00e3o mediu palavras para dizer que nunca quis ser candidato a vice na chapa do prefeito Jos\u00e9 Carlos Moura (PT). Segundo Cabral, n\u00e3o quis se unir com certos dois assessores e um secret\u00e1rio que fazem parte da equipe da atual gest\u00e3o. \u201cNada pessoalmente contra essas pessoas, por\u00e9m sei como agem e por isso n\u00e3o quis colocar o meu nome \u00e0 disposi\u00e7\u00e3o\u201d, criticou ele.<\/p>\n<p>Alfredo disse ainda que o grupo que assessora o prefeito Jos\u00e9 Carlos Moura(PT), ventilou seu nome sem autoriza\u00e7\u00e3o para compor a chapa de vice. \u201cN\u00e3o \u00e9 o que eu queria, n\u00e3o autorizei ningu\u00e9m a usar meu nome e fiquei muito chateado com essas a\u00e7\u00f5es\u201d,disse.<\/p>\n<p>Ao final do discurso, Cabral elogiou o vereador Gilson de Jesus (PC do B) por ter colocado seu nome \u00e0 disposi\u00e7\u00e3o como vice na chapa de K\u00e1tia Espinheira e criticou a\u00e7\u00f5es difamat\u00f3rias contra o ex-prefeito Michel Hagge (PMDB) vem sofrendo em carros\u00a0de som. Com informa\u00e7\u00f5es do <em>Itapetinga News<\/em><\/p>\n","protected":false},"excerpt":{"rendered":"<p>ITAPETINGA: Em discurso proferido na sess\u00e3o desta quarta-feira na C\u00e2mara Municipal, o vereador\u00a0Alfredo Cabral de Assis (PSD) n\u00e3o mediu palavras para dizer que nunca quis ser candidato a vice na chapa do prefeito Jos\u00e9 Carlos Moura (PT). Segundo Cabral, n\u00e3o quis se unir com certos dois assessores e um secret\u00e1rio que fazem parte da equipe [&hellip;]<\/p>\n","protected":false},"author":2,"featured_media":0,"comment_status":"open","ping_status":"open","sticky":false,"template":"","format":"standard","meta":{"footnotes":"","_links_to":"","_links_to_target":""},"categories":[1],"tags":[],"class_list":["post-17868","post","type-post","status-publish","format-standard","hentry","category-geral"],"views":1249,"_links":{"self":[{"href":"https:\/\/www.sudoestehoje.com.br\/novoportal\/wp-json\/wp\/v2\/posts\/17868","targetHints":{"allow":["GET"]}}],"collection":[{"href":"https:\/\/www.sudoestehoje.com.br\/novoportal\/wp-json\/wp\/v2\/posts"}],"about":[{"href":"https:\/\/www.sudoestehoje.com.br\/novoportal\/wp-json\/wp\/v2\/types\/post"}],"author":[{"embeddable":true,"href":"https:\/\/www.sudoestehoje.com.br\/novoportal\/wp-json\/wp\/v2\/users\/2"}],"replies":[{"embeddable":true,"href":"https:\/\/www.sudoestehoje.com.br\/novoportal\/wp-json\/wp\/v2\/comments?post=17868"}],"version-history":[{"count":4,"href":"https:\/\/www.sudoestehoje.com.br\/novoportal\/wp-json\/wp\/v2\/posts\/17868\/revisions"}],"predecessor-version":[{"id":17872,"href":"https:\/\/www.sudoestehoje.com.br\/novoportal\/wp-json\/wp\/v2\/posts\/17868\/revisions\/17872"}],"wp:attachment":[{"href":"https:\/\/www.sudoestehoje.com.br\/novoportal\/wp-json\/wp\/v2\/media?parent=17868"}],"wp:term":[{"taxonomy":"category","embeddable":true,"href":"https:\/\/www.sudoestehoje.com.br\/novoportal\/wp-json\/wp\/v2\/categories?post=17868"},{"taxonomy":"post_tag","embeddable":true,"href":"https:\/\/www.sudoestehoje.com.br\/novoportal\/wp-json\/wp\/v2\/tags?post=17868"}],"curies":[{"name":"wp","href":"https:\/\/api.w.org\/{rel}","templated":true}]}}