
{"id":17841,"date":"2012-07-11T08:35:09","date_gmt":"2012-07-11T11:35:09","guid":{"rendered":"http:\/\/www.sudoestehoje.com.br\/novoportal\/?p=17841"},"modified":"2012-07-11T08:35:24","modified_gmt":"2012-07-11T11:35:24","slug":"itapetinga-candidaturas-de-ze-carlos-e-aliados-continuam-sem-registro-no-tse","status":"publish","type":"post","link":"https:\/\/www.sudoestehoje.com.br\/novoportal\/2012\/07\/11\/itapetinga-candidaturas-de-ze-carlos-e-aliados-continuam-sem-registro-no-tse\/","title":{"rendered":"ITAPETINGA: CANDIDATURAS DE Z\u00c9 CARLOS E ALIADOS CONTINUAM SEM REGISTRO NO TSE"},"content":{"rendered":"<p><img decoding=\"async\" class=\"aligncenter\" src=\"http:\/\/4.bp.blogspot.com\/-Fct4pqAvnxI\/T_zG4VTyJoI\/AAAAAAAAAhQ\/R2DAmugq980\/s640\/divug.jpg\" alt=\"\" width=\"500\" \/><\/p>\n<p style=\"text-align: center;\"><em>Apenas as candidaturas de Arnaldo Teixeira e K\u00e1tia Espinheira constam no site do TSE<\/em><\/p>\n<p>&nbsp;<\/p>\n<p>ITAPETINGA: A perda do prazo para registro das candidaturas do PT e partidos aliados pode acarretar mais problemas do que o prefeito Z\u00e9 Carlos e o seu grupo possam imaginar. Apesar de tentarem passar uma certa tranquilidade para os seus correligion\u00e1rios, h\u00e1 uma enorme apreens\u00e3o entre os candidatos dos partidos da situa\u00e7\u00e3o e muitas d\u00favidas para serem esclarecidas.<\/p>\n<p>A maior d\u00favida reside no fato das coliga\u00e7\u00f5es n\u00e3o terem sido registradas no prazo legal, o que, em tese, derrubaria essas coliga\u00e7\u00f5es, prevalecendo apenas os registros individuais dos candidatos a vereador, que concorreriam dentro de cada partido, reduzindo drasticamente as chances de alcan\u00e7arem o necess\u00e1rio coeficiente eleitoral e, consequentemente, a elei\u00e7\u00e3o.<\/p>\n<p>Como se trata de uma situa\u00e7\u00e3o <em>sui generis<\/em>, que tamb\u00e9m ocorreu em outras localidades, juristas t\u00eam se debru\u00e7ado nos textos legais e na jurisprud\u00eancia, para tentarem resolver esse verdadeiro quebra-cabe\u00e7as. Segundo alguns juristas renomados, a oportunidade dada pela lei para que o candidato n\u00e3o registrado pelo partido o fa\u00e7a individualmente, nas 48 horas ap\u00f3s o prazo, n\u00e3o sana a obrigatoriedade do registro das coliga\u00e7\u00f5es, cujo prazo \u00e9 improrrog\u00e1vel.<\/p>\n<p>Se assim for, caem todas as candidaturas a vereador da base de apoio ao PT local, que al\u00e9m de n\u00e3o terem coligado oficialmente nas elei\u00e7\u00f5es proporcionais, tamb\u00e9m n\u00e3o lan\u00e7aram candidatos pr\u00f3prios na elei\u00e7\u00e3o majorit\u00e1ria, como exige a lei. A rigor, sobrariam apenas os candidatos a vereador do pr\u00f3prio PT, os \u00fanicos que t\u00eam na chapa majorit\u00e1ria candidatos a prefeito e vice, como manda a lei. Seria um verdadeiro &#8216;efeito domin\u00f3&#8217;, onde caindo a primeira pedra, as demais cairiam sucessivamente.<\/p>\n<p>N\u00e3o \u00e9 uma decis\u00e3o f\u00e1cil para a ju\u00edza eleitoral local e tudo leva a crer que a &#8216;pendenga&#8217; ser\u00e1 decidida mesmo no &#8216;tapet\u00e3o&#8217; do TRE, ou talvez do pr\u00f3prio TSE, se houver questionamento (impugna\u00e7\u00e3o) por parte de algum partido ou coliga\u00e7\u00e3o concorrente.<\/p>\n<p>Como costumam dizer os soteropolitanos, &#8220;vai ser um au\u00ea&#8230;&#8221;<\/p>\n<p><strong><em>Por Davi Ferraz<\/em><\/strong><\/p>\n<p>&nbsp;<\/p>\n","protected":false},"excerpt":{"rendered":"<p>Apenas as candidaturas de Arnaldo Teixeira e K\u00e1tia Espinheira constam no site do TSE &nbsp; ITAPETINGA: A perda do prazo para registro das candidaturas do PT e partidos aliados pode acarretar mais problemas do que o prefeito Z\u00e9 Carlos e o seu grupo possam imaginar. Apesar de tentarem passar uma certa tranquilidade para os seus [&hellip;]<\/p>\n","protected":false},"author":2,"featured_media":0,"comment_status":"open","ping_status":"open","sticky":false,"template":"","format":"standard","meta":{"footnotes":"","_links_to":"","_links_to_target":""},"categories":[1],"tags":[],"class_list":["post-17841","post","type-post","status-publish","format-standard","hentry","category-geral"],"views":1102,"_links":{"self":[{"href":"https:\/\/www.sudoestehoje.com.br\/novoportal\/wp-json\/wp\/v2\/posts\/17841","targetHints":{"allow":["GET"]}}],"collection":[{"href":"https:\/\/www.sudoestehoje.com.br\/novoportal\/wp-json\/wp\/v2\/posts"}],"about":[{"href":"https:\/\/www.sudoestehoje.com.br\/novoportal\/wp-json\/wp\/v2\/types\/post"}],"author":[{"embeddable":true,"href":"https:\/\/www.sudoestehoje.com.br\/novoportal\/wp-json\/wp\/v2\/users\/2"}],"replies":[{"embeddable":true,"href":"https:\/\/www.sudoestehoje.com.br\/novoportal\/wp-json\/wp\/v2\/comments?post=17841"}],"version-history":[{"count":5,"href":"https:\/\/www.sudoestehoje.com.br\/novoportal\/wp-json\/wp\/v2\/posts\/17841\/revisions"}],"predecessor-version":[{"id":17854,"href":"https:\/\/www.sudoestehoje.com.br\/novoportal\/wp-json\/wp\/v2\/posts\/17841\/revisions\/17854"}],"wp:attachment":[{"href":"https:\/\/www.sudoestehoje.com.br\/novoportal\/wp-json\/wp\/v2\/media?parent=17841"}],"wp:term":[{"taxonomy":"category","embeddable":true,"href":"https:\/\/www.sudoestehoje.com.br\/novoportal\/wp-json\/wp\/v2\/categories?post=17841"},{"taxonomy":"post_tag","embeddable":true,"href":"https:\/\/www.sudoestehoje.com.br\/novoportal\/wp-json\/wp\/v2\/tags?post=17841"}],"curies":[{"name":"wp","href":"https:\/\/api.w.org\/{rel}","templated":true}]}}