
{"id":178,"date":"2010-09-06T10:14:49","date_gmt":"2010-09-06T13:14:49","guid":{"rendered":"http:\/\/sudoestehoje.tempsite.ws\/novoportal\/?p=178"},"modified":"2010-09-18T13:18:24","modified_gmt":"2010-09-18T16:18:24","slug":"paulo-souto-denuncia-falta-de-agua-em-guanambi","status":"publish","type":"post","link":"https:\/\/www.sudoestehoje.com.br\/novoportal\/2010\/09\/06\/paulo-souto-denuncia-falta-de-agua-em-guanambi\/","title":{"rendered":"PAULO SOUTO DENUNCIA FALTA DE \u00c1GUA EM GUANAMBI"},"content":{"rendered":"<div>\n<p style=\"text-align: center;\"><img decoding=\"async\" class=\"aligncenter\" src=\"http:\/\/www.bahianoticias.com.br\/fotos\/editor\/Image\/souto_comicio.jpg\" border=\"0\" alt=\"\" \/><\/p>\n<p>GUANAMBI:  O candidato a governador pela coliga\u00e7\u00e3o \u201cA Bahia Merece Mais\u201d, Paulo  Souto, durante com\u00edcio em Guanambi, no centro-sul do estado, neste  domingo (5), denunciou a falha no abastecimento de \u00e1gua na regi\u00e3o. \u201cH\u00e1  quatro meses sofrendo com um rigoroso racionamento e a amea\u00e7a de  desabastecimento total, a popula\u00e7\u00e3o de Guanambi e regi\u00e3o deve estar  querendo morar na propaganda do governo Jaques Wagner, que divulga ter o  programa \u00c1gua para Todos resolvido o problema da falta de \u00e1gua em todo o  estado\u201d, ironizou. \u201cO governador Jaques Wagner n\u00e3o foi capaz de  sensibilizar o governo federal a acelerar a constru\u00e7\u00e3o da adutora do Rio  S\u00e3o Francisco, que ningu\u00e9m sabe quando ter\u00e3o as obras iniciadas. Ele  prefere ficar fazendo s\u00f3 propaganda\u201d, completou. No final de semana,  acompanhado do vice Nilo Coelho e dos postulantes ao Senado Federal,  Aleluia e Jos\u00e9 Ronaldo, Souto esteve tamb\u00e9m em Vit\u00f3ria da Conquista,  Caetit\u00e9, Ponto Novo e Paulo Afonso. Nesta segunda-feira, o candidato  democrata continua o corpo a corpo em Pedr\u00e3o e Aramari.<\/p>\n<\/div>\n","protected":false},"excerpt":{"rendered":"<p>GUANAMBI: O candidato a governador pela coliga\u00e7\u00e3o \u201cA Bahia Merece Mais\u201d, Paulo Souto, durante com\u00edcio em Guanambi, no centro-sul do estado, neste domingo (5), denunciou a falha no abastecimento de \u00e1gua na regi\u00e3o. \u201cH\u00e1 quatro meses sofrendo com um rigoroso racionamento e a amea\u00e7a de desabastecimento total, a popula\u00e7\u00e3o de Guanambi e regi\u00e3o deve estar [&hellip;]<\/p>\n","protected":false},"author":1,"featured_media":0,"comment_status":"open","ping_status":"open","sticky":false,"template":"","format":"standard","meta":{"footnotes":"","_links_to":"","_links_to_target":""},"categories":[6],"tags":[],"class_list":["post-178","post","type-post","status-publish","format-standard","hentry","category-brasil"],"views":1393,"_links":{"self":[{"href":"https:\/\/www.sudoestehoje.com.br\/novoportal\/wp-json\/wp\/v2\/posts\/178","targetHints":{"allow":["GET"]}}],"collection":[{"href":"https:\/\/www.sudoestehoje.com.br\/novoportal\/wp-json\/wp\/v2\/posts"}],"about":[{"href":"https:\/\/www.sudoestehoje.com.br\/novoportal\/wp-json\/wp\/v2\/types\/post"}],"author":[{"embeddable":true,"href":"https:\/\/www.sudoestehoje.com.br\/novoportal\/wp-json\/wp\/v2\/users\/1"}],"replies":[{"embeddable":true,"href":"https:\/\/www.sudoestehoje.com.br\/novoportal\/wp-json\/wp\/v2\/comments?post=178"}],"version-history":[{"count":1,"href":"https:\/\/www.sudoestehoje.com.br\/novoportal\/wp-json\/wp\/v2\/posts\/178\/revisions"}],"predecessor-version":[{"id":179,"href":"https:\/\/www.sudoestehoje.com.br\/novoportal\/wp-json\/wp\/v2\/posts\/178\/revisions\/179"}],"wp:attachment":[{"href":"https:\/\/www.sudoestehoje.com.br\/novoportal\/wp-json\/wp\/v2\/media?parent=178"}],"wp:term":[{"taxonomy":"category","embeddable":true,"href":"https:\/\/www.sudoestehoje.com.br\/novoportal\/wp-json\/wp\/v2\/categories?post=178"},{"taxonomy":"post_tag","embeddable":true,"href":"https:\/\/www.sudoestehoje.com.br\/novoportal\/wp-json\/wp\/v2\/tags?post=178"}],"curies":[{"name":"wp","href":"https:\/\/api.w.org\/{rel}","templated":true}]}}