
{"id":17778,"date":"2012-07-08T01:02:21","date_gmt":"2012-07-08T04:02:21","guid":{"rendered":"http:\/\/www.sudoestehoje.com.br\/novoportal\/?p=17778"},"modified":"2012-07-08T01:05:47","modified_gmt":"2012-07-08T04:05:47","slug":"sem-coligacoes-proporcionais","status":"publish","type":"post","link":"https:\/\/www.sudoestehoje.com.br\/novoportal\/2012\/07\/08\/sem-coligacoes-proporcionais\/","title":{"rendered":"SEM COLIGA\u00c7\u00d5ES PROPORCIONAIS"},"content":{"rendered":"<p><img decoding=\"async\" class=\"aligncenter\" src=\"http:\/\/t3.gstatic.com\/images?q=tbn:ANd9GcSqrSLjT_f-BSYnGWhbf0Tpcl3B5iF15q8KdKfpt8ny_QBnTKkAiQ\" alt=\"\" width=\"150\" \/><\/p>\n<p>A perda do prazo para registro dos seus candidatos pode trazer consequ\u00eancia inimagin\u00e1veis para os partidos coligados com o PT de Z\u00e9 Carlos. A explica\u00e7\u00e3o \u00e9 simples: com a perda do prazo, os partidos da base do prefeito tamb\u00e9m deixaram de registrar as coliga\u00e7\u00f5es, no prazo estipulado em lei. Para o registro das candidatos, a pr\u00f3pria lei estabelece que pode ser feito, individualmente, at\u00e9 48 horas depois do prazo legal, mas n\u00e3o estende o prazo para registrar as coliga\u00e7\u00f5es. Assim, os partidos que iriam compor as coliga\u00e7\u00f5es, ter\u00e3o que disputar as elei\u00e7\u00f5es proporcionais (vereadores), por partidos e sem coliga\u00e7\u00f5es, o que representa o fim da linha para muita gente. Este \u00e9 o entendimento dos especialistas Ademir Esmerim e Luiz Viana, os &#8216;papas&#8217; do direito eleitoral na Bahia. Modestamente, tamb\u00e9m levantei esta hip\u00f3tese em discuss\u00e3o com o chefe do Cart\u00f3rio Eleitoral em Itapetinga. A justi\u00e7a vai ter que decidir mais essa &#8216;pendenga&#8217;.<\/p>\n","protected":false},"excerpt":{"rendered":"<p>A perda do prazo para registro dos seus candidatos pode trazer consequ\u00eancia inimagin\u00e1veis para os partidos coligados com o PT de Z\u00e9 Carlos. A explica\u00e7\u00e3o \u00e9 simples: com a perda do prazo, os partidos da base do prefeito tamb\u00e9m deixaram de registrar as coliga\u00e7\u00f5es, no prazo estipulado em lei. Para o registro das candidatos, a [&hellip;]<\/p>\n","protected":false},"author":2,"featured_media":0,"comment_status":"open","ping_status":"open","sticky":false,"template":"","format":"standard","meta":{"footnotes":"","_links_to":"","_links_to_target":""},"categories":[11],"tags":[],"class_list":["post-17778","post","type-post","status-publish","format-standard","hentry","category-quentinhas"],"views":1262,"_links":{"self":[{"href":"https:\/\/www.sudoestehoje.com.br\/novoportal\/wp-json\/wp\/v2\/posts\/17778","targetHints":{"allow":["GET"]}}],"collection":[{"href":"https:\/\/www.sudoestehoje.com.br\/novoportal\/wp-json\/wp\/v2\/posts"}],"about":[{"href":"https:\/\/www.sudoestehoje.com.br\/novoportal\/wp-json\/wp\/v2\/types\/post"}],"author":[{"embeddable":true,"href":"https:\/\/www.sudoestehoje.com.br\/novoportal\/wp-json\/wp\/v2\/users\/2"}],"replies":[{"embeddable":true,"href":"https:\/\/www.sudoestehoje.com.br\/novoportal\/wp-json\/wp\/v2\/comments?post=17778"}],"version-history":[{"count":3,"href":"https:\/\/www.sudoestehoje.com.br\/novoportal\/wp-json\/wp\/v2\/posts\/17778\/revisions"}],"predecessor-version":[{"id":17780,"href":"https:\/\/www.sudoestehoje.com.br\/novoportal\/wp-json\/wp\/v2\/posts\/17778\/revisions\/17780"}],"wp:attachment":[{"href":"https:\/\/www.sudoestehoje.com.br\/novoportal\/wp-json\/wp\/v2\/media?parent=17778"}],"wp:term":[{"taxonomy":"category","embeddable":true,"href":"https:\/\/www.sudoestehoje.com.br\/novoportal\/wp-json\/wp\/v2\/categories?post=17778"},{"taxonomy":"post_tag","embeddable":true,"href":"https:\/\/www.sudoestehoje.com.br\/novoportal\/wp-json\/wp\/v2\/tags?post=17778"}],"curies":[{"name":"wp","href":"https:\/\/api.w.org\/{rel}","templated":true}]}}