
{"id":17732,"date":"2012-07-06T18:43:57","date_gmt":"2012-07-06T21:43:57","guid":{"rendered":"http:\/\/www.sudoestehoje.com.br\/novoportal\/?p=17732"},"modified":"2012-07-06T19:10:01","modified_gmt":"2012-07-06T22:10:01","slug":"vice-reitor-da-uesb-sofre-serio-acidente-proximo-ao-marcal","status":"publish","type":"post","link":"https:\/\/www.sudoestehoje.com.br\/novoportal\/2012\/07\/06\/vice-reitor-da-uesb-sofre-serio-acidente-proximo-ao-marcal\/","title":{"rendered":"VICE-REITOR DA UESB SOFRE S\u00c9RIO ACIDENTE PR\u00d3XIMO AO MAR\u00c7AL"},"content":{"rendered":"<div id=\"attachment_17733\" style=\"width: 510px\" class=\"wp-caption aligncenter\"><a href=\"http:\/\/www.sudoestehoje.com.br\/novoportal\/wp-content\/uploads\/2012\/07\/100_7240.jpg\"><img loading=\"lazy\" decoding=\"async\" aria-describedby=\"caption-attachment-17733\" class=\"size-medium wp-image-17733\" title=\"100_7240\" src=\"http:\/\/www.sudoestehoje.com.br\/novoportal\/wp-content\/uploads\/2012\/07\/100_7240-500x333.jpg\" alt=\"\" width=\"500\" height=\"333\" srcset=\"https:\/\/www.sudoestehoje.com.br\/novoportal\/wp-content\/uploads\/2012\/07\/100_7240-500x333.jpg 500w, https:\/\/www.sudoestehoje.com.br\/novoportal\/wp-content\/uploads\/2012\/07\/100_7240-1024x682.jpg 1024w, https:\/\/www.sudoestehoje.com.br\/novoportal\/wp-content\/uploads\/2012\/07\/100_7240.jpg 1800w\" sizes=\"auto, (max-width: 500px) 100vw, 500px\" \/><\/a><p id=\"caption-attachment-17733\" class=\"wp-caption-text\">Ve\u00edculo do prof. Rech ficou totalmente danificado e encoberto pelo p\u00f3 de cimento da carga derramada na pista.<\/p><\/div>\n<p>Na manh\u00e3 desta sexta-feira, quando se dirigia de Itapetinga a Vit\u00f3ria da Conquista, o vice-reitor da Universidade Estadual do Sudoeste da Bahia &#8211; UESB, Prof. Jos\u00e9 Luiz Rech, sofreu um grave acidente automobil\u00edstico, a cerca de cinco quil\u00f4metros da ladeira do Mar\u00e7al.<\/p>\n<div id=\"attachment_17734\" style=\"width: 510px\" class=\"wp-caption aligncenter\"><a href=\"http:\/\/www.sudoestehoje.com.br\/novoportal\/wp-content\/uploads\/2012\/07\/100_7230.jpg\"><img loading=\"lazy\" decoding=\"async\" aria-describedby=\"caption-attachment-17734\" class=\"size-medium wp-image-17734\" title=\"100_7230\" src=\"http:\/\/www.sudoestehoje.com.br\/novoportal\/wp-content\/uploads\/2012\/07\/100_7230-500x333.jpg\" alt=\"\" width=\"500\" height=\"333\" srcset=\"https:\/\/www.sudoestehoje.com.br\/novoportal\/wp-content\/uploads\/2012\/07\/100_7230-500x333.jpg 500w, https:\/\/www.sudoestehoje.com.br\/novoportal\/wp-content\/uploads\/2012\/07\/100_7230-1024x682.jpg 1024w, https:\/\/www.sudoestehoje.com.br\/novoportal\/wp-content\/uploads\/2012\/07\/100_7230.jpg 1800w\" sizes=\"auto, (max-width: 500px) 100vw, 500px\" \/><\/a><p id=\"caption-attachment-17734\" class=\"wp-caption-text\">Carreta carregada de cimento tombou na pista contr\u00e1ria, atingindo outros dois ve\u00edculos.<\/p><\/div>\n<p>Em uma curva fechada, o ve\u00edculo do Prof. Rech e outro carro que trafegava no mesmo sentido, foram surpreendidos por uma carreta desgovernada, carregada de cimento, que tombou na curva no exato momento em que se cruzavam. Tanto o carro do vice-Reitor, quanto o outro ve\u00edculo, acabaram se chocando contra a carroceria da carreta e sendo jogados para a ribanceira.<\/p>\n<div id=\"attachment_17735\" style=\"width: 510px\" class=\"wp-caption aligncenter\"><a href=\"http:\/\/www.sudoestehoje.com.br\/novoportal\/wp-content\/uploads\/2012\/07\/100_7234.jpg\"><img loading=\"lazy\" decoding=\"async\" aria-describedby=\"caption-attachment-17735\" class=\"size-medium wp-image-17735\" title=\"100_7234\" src=\"http:\/\/www.sudoestehoje.com.br\/novoportal\/wp-content\/uploads\/2012\/07\/100_7234-500x333.jpg\" alt=\"\" width=\"500\" height=\"333\" srcset=\"https:\/\/www.sudoestehoje.com.br\/novoportal\/wp-content\/uploads\/2012\/07\/100_7234-500x333.jpg 500w, https:\/\/www.sudoestehoje.com.br\/novoportal\/wp-content\/uploads\/2012\/07\/100_7234-1024x682.jpg 1024w, https:\/\/www.sudoestehoje.com.br\/novoportal\/wp-content\/uploads\/2012\/07\/100_7234.jpg 1800w\" sizes=\"auto, (max-width: 500px) 100vw, 500px\" \/><\/a><p id=\"caption-attachment-17735\" class=\"wp-caption-text\">Carga de cimento derramada no acidente foi saqueada por moradores da regi\u00e3o do Mar\u00e7al e at\u00e9 de Itamb\u00e9.<\/p><\/div>\n<p>O professor Rech acabou se machucando sem maior gravidade, mas foi removido pelo Samu 192 de Vit\u00f3ria da Conquista, para o hospital Samur. O motorista do outro veiculo teve que ser retirado das ferragens do seu ve\u00edculo, sendo removido para o Hospital de Base em Conquista. O outro ve\u00edculo, uma Saveiro vermelha, tinha placa policial da cidade de Ilh\u00e9us.<\/p>\n<p><a href=\"http:\/\/www.sudoestehoje.com.br\/novoportal\/wp-content\/uploads\/2012\/07\/100_7241.jpg\"><img loading=\"lazy\" decoding=\"async\" class=\"aligncenter size-medium wp-image-17736\" title=\"100_7241\" src=\"http:\/\/www.sudoestehoje.com.br\/novoportal\/wp-content\/uploads\/2012\/07\/100_7241-500x333.jpg\" alt=\"\" width=\"500\" height=\"333\" srcset=\"https:\/\/www.sudoestehoje.com.br\/novoportal\/wp-content\/uploads\/2012\/07\/100_7241-500x333.jpg 500w, https:\/\/www.sudoestehoje.com.br\/novoportal\/wp-content\/uploads\/2012\/07\/100_7241-1024x682.jpg 1024w, https:\/\/www.sudoestehoje.com.br\/novoportal\/wp-content\/uploads\/2012\/07\/100_7241.jpg 1800w\" sizes=\"auto, (max-width: 500px) 100vw, 500px\" \/><\/a><\/p>\n<p>A reportagem do <em>Sudoeste Hoje<\/em> chegou ao local cerca de uma hora depois do ocorrido e fotografou, com exclusividade, os ve\u00edculos envolvidos no grave acidente, \u00a0obtendo as informa\u00e7\u00f5es atrav\u00e9s de uma Policial Rodovi\u00e1ria que se encontrava no local. Toda a carga de cimento derramada na pista foi saqueada por moradores das redondezas.<\/p>\n<p><a href=\"http:\/\/www.sudoestehoje.com.br\/novoportal\/wp-content\/uploads\/2012\/07\/100_7238.jpg\"><img loading=\"lazy\" decoding=\"async\" class=\"aligncenter size-medium wp-image-17738\" title=\"100_7238\" src=\"http:\/\/www.sudoestehoje.com.br\/novoportal\/wp-content\/uploads\/2012\/07\/100_7238-500x333.jpg\" alt=\"\" width=\"500\" height=\"333\" srcset=\"https:\/\/www.sudoestehoje.com.br\/novoportal\/wp-content\/uploads\/2012\/07\/100_7238-500x333.jpg 500w, https:\/\/www.sudoestehoje.com.br\/novoportal\/wp-content\/uploads\/2012\/07\/100_7238-1024x682.jpg 1024w, https:\/\/www.sudoestehoje.com.br\/novoportal\/wp-content\/uploads\/2012\/07\/100_7238.jpg 1800w\" sizes=\"auto, (max-width: 500px) 100vw, 500px\" \/><\/a><\/p>\n<p><img decoding=\"async\" class=\"aligncenter\" src=\"http:\/\/2.bp.blogspot.com\/-UoODy-h9WrA\/Tt4aC14EeUI\/AAAAAAAABD4\/Z1dId5qPCj0\/s1600\/DSC04581.JPG\" alt=\"\" width=\"500\" \/><\/p>\n<p><strong><em>Por Davi Ferraz<\/em><\/strong><\/p>\n<p><strong><em>Fotos: Sudoeste Hoje\u00a0<\/em><\/strong><\/p>\n","protected":false},"excerpt":{"rendered":"<p>Na manh\u00e3 desta sexta-feira, quando se dirigia de Itapetinga a Vit\u00f3ria da Conquista, o vice-reitor da Universidade Estadual do Sudoeste da Bahia &#8211; UESB, Prof. Jos\u00e9 Luiz Rech, sofreu um grave acidente automobil\u00edstico, a cerca de cinco quil\u00f4metros da ladeira do Mar\u00e7al. Em uma curva fechada, o ve\u00edculo do Prof. Rech e outro carro que [&hellip;]<\/p>\n","protected":false},"author":2,"featured_media":0,"comment_status":"open","ping_status":"open","sticky":false,"template":"","format":"standard","meta":{"footnotes":"","_links_to":"","_links_to_target":""},"categories":[1],"tags":[],"class_list":["post-17732","post","type-post","status-publish","format-standard","hentry","category-geral"],"views":2962,"_links":{"self":[{"href":"https:\/\/www.sudoestehoje.com.br\/novoportal\/wp-json\/wp\/v2\/posts\/17732","targetHints":{"allow":["GET"]}}],"collection":[{"href":"https:\/\/www.sudoestehoje.com.br\/novoportal\/wp-json\/wp\/v2\/posts"}],"about":[{"href":"https:\/\/www.sudoestehoje.com.br\/novoportal\/wp-json\/wp\/v2\/types\/post"}],"author":[{"embeddable":true,"href":"https:\/\/www.sudoestehoje.com.br\/novoportal\/wp-json\/wp\/v2\/users\/2"}],"replies":[{"embeddable":true,"href":"https:\/\/www.sudoestehoje.com.br\/novoportal\/wp-json\/wp\/v2\/comments?post=17732"}],"version-history":[{"count":5,"href":"https:\/\/www.sudoestehoje.com.br\/novoportal\/wp-json\/wp\/v2\/posts\/17732\/revisions"}],"predecessor-version":[{"id":17741,"href":"https:\/\/www.sudoestehoje.com.br\/novoportal\/wp-json\/wp\/v2\/posts\/17732\/revisions\/17741"}],"wp:attachment":[{"href":"https:\/\/www.sudoestehoje.com.br\/novoportal\/wp-json\/wp\/v2\/media?parent=17732"}],"wp:term":[{"taxonomy":"category","embeddable":true,"href":"https:\/\/www.sudoestehoje.com.br\/novoportal\/wp-json\/wp\/v2\/categories?post=17732"},{"taxonomy":"post_tag","embeddable":true,"href":"https:\/\/www.sudoestehoje.com.br\/novoportal\/wp-json\/wp\/v2\/tags?post=17732"}],"curies":[{"name":"wp","href":"https:\/\/api.w.org\/{rel}","templated":true}]}}