
{"id":17698,"date":"2012-07-05T20:31:37","date_gmt":"2012-07-05T23:31:37","guid":{"rendered":"http:\/\/www.sudoestehoje.com.br\/novoportal\/?p=17698"},"modified":"2012-07-05T23:18:24","modified_gmt":"2012-07-06T02:18:24","slug":"17698","status":"publish","type":"post","link":"https:\/\/www.sudoestehoje.com.br\/novoportal\/2012\/07\/05\/17698\/","title":{"rendered":"EXCLUSIVO: Z\u00c9 CARLOS PERDE O PRAZO PARA REGISTRO DA CANDIDATURA"},"content":{"rendered":"<p><img decoding=\"async\" class=\"aligncenter\" src=\"http:\/\/4.bp.blogspot.com\/-FbW5hVTwz5c\/T6zthiaf4ZI\/AAAAAAAAGyM\/g2r5Iox4qZg\/s1600\/prefeito-itapetinga.jpg\" alt=\"\" width=\"400\" \/><\/p>\n<p style=\"text-align: center;\"><em>Petistas perderam o hor\u00e1rio e candidatura de Z\u00e9 Carlos n\u00e3o foi registrada<\/em><\/p>\n<p>&nbsp;<\/p>\n<p>ITAPETINGA: Demonstrando total desorganiza\u00e7\u00e3o e incompet\u00eancia, os caciques do PT de Itapetinga perderam o prazo para registro da candidatura do prefeito Z\u00e9 Carlos e candidatos a vereador da coliga\u00e7\u00e3o, em raz\u00e3o de ter estourado o hor\u00e1rio estabelecido pela Justi\u00e7a Eleitoral, que encerrou \u00e0s 19h desta quinta-feira.<\/p>\n<p>Apesar de ter colocado um preposto na fila de espera no cart\u00f3rio eleitoral, a documenta\u00e7\u00e3o dos petistas chegou com atraso, o que levou a ju\u00edza eleitoral a n\u00e3o acatar o pedido de registro das candidaturas petistas, que agora ter\u00e3o que esperar o prazo de 48 horas previsto em lei, para efetuarem os pedidos de registro individualmente, candidato por candidato.<\/p>\n<p>Acostumados a contar sempre com \u00a0a &#8216;colabora\u00e7\u00e3o&#8217; de certas autoridades nos seus pleitos, desta vez o grupo Z\u00e9carlista n\u00e3o encontrou facilidades na Justi\u00e7a Eleitoral, diante de uma ju\u00edza que j\u00e1 avisou que n\u00e3o vai aliviar para ningu\u00e9m. <em>Dura lex, sed lex .<\/em><\/p>\n<p>As demais coliga\u00e7\u00f5es \u00a0e seus candidatos a prefeito entregaram toda a documenta\u00e7\u00e3o em tempo.<\/p>\n<p><em>Por Davi Ferraz<\/em><\/p>\n","protected":false},"excerpt":{"rendered":"<p>Petistas perderam o hor\u00e1rio e candidatura de Z\u00e9 Carlos n\u00e3o foi registrada &nbsp; ITAPETINGA: Demonstrando total desorganiza\u00e7\u00e3o e incompet\u00eancia, os caciques do PT de Itapetinga perderam o prazo para registro da candidatura do prefeito Z\u00e9 Carlos e candidatos a vereador da coliga\u00e7\u00e3o, em raz\u00e3o de ter estourado o hor\u00e1rio estabelecido pela Justi\u00e7a Eleitoral, que encerrou [&hellip;]<\/p>\n","protected":false},"author":2,"featured_media":0,"comment_status":"open","ping_status":"open","sticky":false,"template":"","format":"standard","meta":{"footnotes":"","_links_to":"","_links_to_target":""},"categories":[1],"tags":[],"class_list":["post-17698","post","type-post","status-publish","format-standard","hentry","category-geral"],"views":1631,"_links":{"self":[{"href":"https:\/\/www.sudoestehoje.com.br\/novoportal\/wp-json\/wp\/v2\/posts\/17698","targetHints":{"allow":["GET"]}}],"collection":[{"href":"https:\/\/www.sudoestehoje.com.br\/novoportal\/wp-json\/wp\/v2\/posts"}],"about":[{"href":"https:\/\/www.sudoestehoje.com.br\/novoportal\/wp-json\/wp\/v2\/types\/post"}],"author":[{"embeddable":true,"href":"https:\/\/www.sudoestehoje.com.br\/novoportal\/wp-json\/wp\/v2\/users\/2"}],"replies":[{"embeddable":true,"href":"https:\/\/www.sudoestehoje.com.br\/novoportal\/wp-json\/wp\/v2\/comments?post=17698"}],"version-history":[{"count":6,"href":"https:\/\/www.sudoestehoje.com.br\/novoportal\/wp-json\/wp\/v2\/posts\/17698\/revisions"}],"predecessor-version":[{"id":17701,"href":"https:\/\/www.sudoestehoje.com.br\/novoportal\/wp-json\/wp\/v2\/posts\/17698\/revisions\/17701"}],"wp:attachment":[{"href":"https:\/\/www.sudoestehoje.com.br\/novoportal\/wp-json\/wp\/v2\/media?parent=17698"}],"wp:term":[{"taxonomy":"category","embeddable":true,"href":"https:\/\/www.sudoestehoje.com.br\/novoportal\/wp-json\/wp\/v2\/categories?post=17698"},{"taxonomy":"post_tag","embeddable":true,"href":"https:\/\/www.sudoestehoje.com.br\/novoportal\/wp-json\/wp\/v2\/tags?post=17698"}],"curies":[{"name":"wp","href":"https:\/\/api.w.org\/{rel}","templated":true}]}}