
{"id":17696,"date":"2012-07-05T22:59:57","date_gmt":"2012-07-06T01:59:57","guid":{"rendered":"http:\/\/www.sudoestehoje.com.br\/novoportal\/?p=17696"},"modified":"2012-07-06T09:08:45","modified_gmt":"2012-07-06T12:08:45","slug":"itororo-nome-de-adroaldo-aparece-na-lista-dos-fichas-sujas","status":"publish","type":"post","link":"https:\/\/www.sudoestehoje.com.br\/novoportal\/2012\/07\/05\/itororo-nome-de-adroaldo-aparece-na-lista-dos-fichas-sujas\/","title":{"rendered":"ITOROR\u00d3: NOME DE ADROALDO APARECE NA LISTA DOS &#8216;FICHAS SUJAS&#8217;"},"content":{"rendered":"<p><img decoding=\"async\" class=\"aligncenter\" src=\"http:\/\/www.radarnoticias.com\/painel\/modulos\/artigos\/images\/1330866361.jpg\" alt=\"\" width=\"400\" \/><\/p>\n<p style=\"text-align: center;\"><em>Nome do prefeito Adroaldo est\u00e1 na lista que o TCM mandou ao TRE<\/em><\/p>\n<p>&nbsp;<\/p>\n<p>Na lista dos gestores com contas rejeitadas pelo TCM, entregue nesta quinta-feira ao Tribunal Regional Eleitoral &#8211; TRE, aparecem alguns nomes de prefeitos e ex-prefeitos da regi\u00e3o sudoeste, dentre eles o do atual prefeito de Itoror\u00f3, Jos\u00e9 Adroaldo Silva Almeida (PT).<\/p>\n<p>Segundo a rela\u00e7\u00e3o divulgada pelo TCM, o prefeito Adroaldo teve as suas contas relativas ao exerc\u00edcio de 2009 rejeitadas, o que, em tese, o tornaria ineleg\u00edvel. Para quem vive chamando os seus advers\u00e1rios de &#8216;fichas-sujas&#8217;, essa n\u00e3o pegou bem.<\/p>\n<p>CONFIRA A LISTA DO TCM:<\/p>\n<p style=\"text-align: center;\"><em>Clique na imagem para ampliar<\/em><\/p>\n<p><a href=\"http:\/\/www.sudoestehoje.com.br\/novoportal\/wp-content\/uploads\/2012\/07\/Adroaldo-Ficha-Suja.jpg\"><img loading=\"lazy\" decoding=\"async\" class=\"aligncenter size-medium wp-image-17720\" title=\"Adroaldo Ficha Suja\" src=\"http:\/\/www.sudoestehoje.com.br\/novoportal\/wp-content\/uploads\/2012\/07\/Adroaldo-Ficha-Suja-500x353.jpg\" alt=\"\" width=\"500\" height=\"353\" srcset=\"https:\/\/www.sudoestehoje.com.br\/novoportal\/wp-content\/uploads\/2012\/07\/Adroaldo-Ficha-Suja-500x353.jpg 500w, https:\/\/www.sudoestehoje.com.br\/novoportal\/wp-content\/uploads\/2012\/07\/Adroaldo-Ficha-Suja-1024x723.jpg 1024w\" sizes=\"auto, (max-width: 500px) 100vw, 500px\" \/><\/a><\/p>\n<p><strong><em>Da Reda\u00e7\u00e3o<\/em><\/strong><\/p>\n","protected":false},"excerpt":{"rendered":"<p>Nome do prefeito Adroaldo est\u00e1 na lista que o TCM mandou ao TRE &nbsp; Na lista dos gestores com contas rejeitadas pelo TCM, entregue nesta quinta-feira ao Tribunal Regional Eleitoral &#8211; TRE, aparecem alguns nomes de prefeitos e ex-prefeitos da regi\u00e3o sudoeste, dentre eles o do atual prefeito de Itoror\u00f3, Jos\u00e9 Adroaldo Silva Almeida (PT). [&hellip;]<\/p>\n","protected":false},"author":2,"featured_media":0,"comment_status":"open","ping_status":"open","sticky":false,"template":"","format":"standard","meta":{"footnotes":"","_links_to":"","_links_to_target":""},"categories":[1],"tags":[],"class_list":["post-17696","post","type-post","status-publish","format-standard","hentry","category-geral"],"views":2546,"_links":{"self":[{"href":"https:\/\/www.sudoestehoje.com.br\/novoportal\/wp-json\/wp\/v2\/posts\/17696","targetHints":{"allow":["GET"]}}],"collection":[{"href":"https:\/\/www.sudoestehoje.com.br\/novoportal\/wp-json\/wp\/v2\/posts"}],"about":[{"href":"https:\/\/www.sudoestehoje.com.br\/novoportal\/wp-json\/wp\/v2\/types\/post"}],"author":[{"embeddable":true,"href":"https:\/\/www.sudoestehoje.com.br\/novoportal\/wp-json\/wp\/v2\/users\/2"}],"replies":[{"embeddable":true,"href":"https:\/\/www.sudoestehoje.com.br\/novoportal\/wp-json\/wp\/v2\/comments?post=17696"}],"version-history":[{"count":8,"href":"https:\/\/www.sudoestehoje.com.br\/novoportal\/wp-json\/wp\/v2\/posts\/17696\/revisions"}],"predecessor-version":[{"id":17709,"href":"https:\/\/www.sudoestehoje.com.br\/novoportal\/wp-json\/wp\/v2\/posts\/17696\/revisions\/17709"}],"wp:attachment":[{"href":"https:\/\/www.sudoestehoje.com.br\/novoportal\/wp-json\/wp\/v2\/media?parent=17696"}],"wp:term":[{"taxonomy":"category","embeddable":true,"href":"https:\/\/www.sudoestehoje.com.br\/novoportal\/wp-json\/wp\/v2\/categories?post=17696"},{"taxonomy":"post_tag","embeddable":true,"href":"https:\/\/www.sudoestehoje.com.br\/novoportal\/wp-json\/wp\/v2\/tags?post=17696"}],"curies":[{"name":"wp","href":"https:\/\/api.w.org\/{rel}","templated":true}]}}