
{"id":17693,"date":"2012-07-05T18:50:25","date_gmt":"2012-07-05T21:50:25","guid":{"rendered":"http:\/\/www.sudoestehoje.com.br\/novoportal\/?p=17693"},"modified":"2012-07-05T18:50:25","modified_gmt":"2012-07-05T21:50:25","slug":"tcm-entrega-ao-tre-relacao-de-gestores-com-contas-rejeitadas","status":"publish","type":"post","link":"https:\/\/www.sudoestehoje.com.br\/novoportal\/2012\/07\/05\/tcm-entrega-ao-tre-relacao-de-gestores-com-contas-rejeitadas\/","title":{"rendered":"TCM ENTREGA AO TRE RELA\u00c7\u00c3O DE GESTORES COM CONTAS REJEITADAS"},"content":{"rendered":"<p><img decoding=\"async\" class=\"aligncenter\" src=\"http:\/\/www.politicosdosuldabahia.com.br\/v1\/wp-content\/uploads\/2012\/07\/ficha_suja1.jpg\" alt=\"\" width=\"400\" \/><\/p>\n<p>&nbsp;<\/p>\n<p>No in\u00edcio da tarde desta quinta-feira (05\/07), atendendo a determina\u00e7\u00e3o legal, o presidente do Tribunal de Contas dos Munic\u00edpios, Conselheiro Paulo Maracaj\u00e1 Pereira, e o Corregedor da Institui\u00e7\u00e3o, Conselheiro Raimundo Moreira, entregaram \u00e0 Presidente do TRE \u2013 Tribunal Regional Eleitoral, Desembargadora Sara Silva de Brito, as listas referentes a rejei\u00e7\u00f5es de contas das Prefeituras, das C\u00e2maras Municipais e das entidades descentralizadas, nos \u00faltimos sete anos (de 2004 a 2010), pois as contas relativas ao exerc\u00edcio de 2011 ser\u00e3o ainda examinadas neste segundo semestre de 2012, conforme determina\u00e7\u00e3o legal.<\/p>\n<p>Foram rejeitadas, no total 1181 contas, sendo 786 de Prefeituras, 352 de C\u00e2maras Municipais e 43 de entidades Descentralizadas. Quanto aos gestores, 915 deles tiveram suas contas rejeitadas.<\/p>\n<p>Durante o per\u00edodo \u2013 2004 a 2010 -, o TCM encaminhou representa\u00e7\u00f5es ao Minist\u00e9rio P\u00fablico referentes a 422 contas, sendo 359 de Prefeituras, 57 de C\u00e2maras e 06 de Descentralizadas.<\/p>\n<p>Ressalte-se que alguns gestores municipais, que tiveram contas rejeitadas, foram exclu\u00eddos da lista, por decis\u00e3o judicial, resultante de liminares concedidas pelo Tribunal de Justi\u00e7a, mas informados \u00e0 presidente do TRE em rela\u00e7\u00e3o complementar, juntamente com c\u00f3pias dessas decis\u00f5es.<\/p>\n<p><a href=\"http:\/\/www.tcm.ba.gov.br\/docs\/listagestores.pdf\" target=\"_blank\">(Rela\u00e7\u00e3o de gestores com contas rejeitadas por ordem alfab\u00e9tica).<\/a><\/p>\n","protected":false},"excerpt":{"rendered":"<p>&nbsp; No in\u00edcio da tarde desta quinta-feira (05\/07), atendendo a determina\u00e7\u00e3o legal, o presidente do Tribunal de Contas dos Munic\u00edpios, Conselheiro Paulo Maracaj\u00e1 Pereira, e o Corregedor da Institui\u00e7\u00e3o, Conselheiro Raimundo Moreira, entregaram \u00e0 Presidente do TRE \u2013 Tribunal Regional Eleitoral, Desembargadora Sara Silva de Brito, as listas referentes a rejei\u00e7\u00f5es de contas das Prefeituras, [&hellip;]<\/p>\n","protected":false},"author":2,"featured_media":0,"comment_status":"open","ping_status":"open","sticky":false,"template":"","format":"standard","meta":{"footnotes":"","_links_to":"","_links_to_target":""},"categories":[1],"tags":[],"class_list":["post-17693","post","type-post","status-publish","format-standard","hentry","category-geral"],"views":1196,"_links":{"self":[{"href":"https:\/\/www.sudoestehoje.com.br\/novoportal\/wp-json\/wp\/v2\/posts\/17693","targetHints":{"allow":["GET"]}}],"collection":[{"href":"https:\/\/www.sudoestehoje.com.br\/novoportal\/wp-json\/wp\/v2\/posts"}],"about":[{"href":"https:\/\/www.sudoestehoje.com.br\/novoportal\/wp-json\/wp\/v2\/types\/post"}],"author":[{"embeddable":true,"href":"https:\/\/www.sudoestehoje.com.br\/novoportal\/wp-json\/wp\/v2\/users\/2"}],"replies":[{"embeddable":true,"href":"https:\/\/www.sudoestehoje.com.br\/novoportal\/wp-json\/wp\/v2\/comments?post=17693"}],"version-history":[{"count":2,"href":"https:\/\/www.sudoestehoje.com.br\/novoportal\/wp-json\/wp\/v2\/posts\/17693\/revisions"}],"predecessor-version":[{"id":17695,"href":"https:\/\/www.sudoestehoje.com.br\/novoportal\/wp-json\/wp\/v2\/posts\/17693\/revisions\/17695"}],"wp:attachment":[{"href":"https:\/\/www.sudoestehoje.com.br\/novoportal\/wp-json\/wp\/v2\/media?parent=17693"}],"wp:term":[{"taxonomy":"category","embeddable":true,"href":"https:\/\/www.sudoestehoje.com.br\/novoportal\/wp-json\/wp\/v2\/categories?post=17693"},{"taxonomy":"post_tag","embeddable":true,"href":"https:\/\/www.sudoestehoje.com.br\/novoportal\/wp-json\/wp\/v2\/tags?post=17693"}],"curies":[{"name":"wp","href":"https:\/\/api.w.org\/{rel}","templated":true}]}}