
{"id":17688,"date":"2012-07-05T18:38:16","date_gmt":"2012-07-05T21:38:16","guid":{"rendered":"http:\/\/www.sudoestehoje.com.br\/novoportal\/?p=17688"},"modified":"2012-07-05T18:38:16","modified_gmt":"2012-07-05T21:38:16","slug":"acao-pede-anulacao-do-contrato-do-estado-com-jorge-portugal","status":"publish","type":"post","link":"https:\/\/www.sudoestehoje.com.br\/novoportal\/2012\/07\/05\/acao-pede-anulacao-do-contrato-do-estado-com-jorge-portugal\/","title":{"rendered":"A\u00c7\u00c3O PEDE ANULA\u00c7\u00c3O DO CONTRATO DO ESTADO COM JORGE PORTUGAL"},"content":{"rendered":"<p style=\"text-align: center;\"><img decoding=\"async\" class=\"aligncenter\" src=\"http:\/\/www.fieb.org.br\/Adm\/FCKimagens\/image\/IEL\/2012\/Aul%C3%A3o-de-Portugal-em-Conqui(1).jpg\" alt=\"\" width=\"400\" \/><\/p>\n<p>&nbsp;<\/p>\n<p>O diret\u00f3rio estadual do DEM na Bahia entrou com a\u00e7\u00e3o para anular o\u00a0<a href=\"http:\/\/www.pimenta.blog.br\/2012\/06\/29\/ta-reprovado\/\" target=\"_blank\">contrato de R$ 1,59 milh\u00e3o<\/a>\u00a0entre Governo do Estado e a empresa Abais Conte\u00fado Educativos e Produ\u00e7\u00e3o Cultural Ltda, do professor e poeta Jorge Portugal. O contrato permite ao estado oferecer 384 aul\u00f5es aos alunos do 3\u00ba ano do Ensino M\u00e9dio.<\/p>\n<p>O presidente do DEM, Jos\u00e9 Carlos Aleluia, diz que \u00e9 \u201cinaceit\u00e1vel\u201d que o estado pague R$ 8,40 por hora\/aula ao professor concursado e R$ 250,00 a um professor da iniciativa privada por meio de contrato sem licita\u00e7\u00e3o. \u201c\u00c9 um ato ilegal que desmoraliza e humilha os professores da rede estadual\u201d. Os educadores da rede estadual est\u00e3o em greve h\u00e1 86 dias.<\/p>\n<p>Portugal justificou o valor do contrato ao afirmar que os professores envolvidos nos \u201caul\u00f5es\u201d s\u00e3o \u201cde ponta\u201d. Em artigo, o professor considerou a rea\u00e7\u00e3o aos valores do contrato\u00a0<a href=\"http:\/\/www.pimenta.blog.br\/2012\/07\/03\/o-lado-mais-fraco-da-corda\/\" target=\"_blank\">\u201cdescompensada, cruel e absurda\u201d<\/a>.<\/p>\n","protected":false},"excerpt":{"rendered":"<p>&nbsp; O diret\u00f3rio estadual do DEM na Bahia entrou com a\u00e7\u00e3o para anular o\u00a0contrato de R$ 1,59 milh\u00e3o\u00a0entre Governo do Estado e a empresa Abais Conte\u00fado Educativos e Produ\u00e7\u00e3o Cultural Ltda, do professor e poeta Jorge Portugal. O contrato permite ao estado oferecer 384 aul\u00f5es aos alunos do 3\u00ba ano do Ensino M\u00e9dio. O presidente [&hellip;]<\/p>\n","protected":false},"author":2,"featured_media":0,"comment_status":"open","ping_status":"open","sticky":false,"template":"","format":"standard","meta":{"footnotes":"","_links_to":"","_links_to_target":""},"categories":[1],"tags":[],"class_list":["post-17688","post","type-post","status-publish","format-standard","hentry","category-geral"],"views":1263,"_links":{"self":[{"href":"https:\/\/www.sudoestehoje.com.br\/novoportal\/wp-json\/wp\/v2\/posts\/17688","targetHints":{"allow":["GET"]}}],"collection":[{"href":"https:\/\/www.sudoestehoje.com.br\/novoportal\/wp-json\/wp\/v2\/posts"}],"about":[{"href":"https:\/\/www.sudoestehoje.com.br\/novoportal\/wp-json\/wp\/v2\/types\/post"}],"author":[{"embeddable":true,"href":"https:\/\/www.sudoestehoje.com.br\/novoportal\/wp-json\/wp\/v2\/users\/2"}],"replies":[{"embeddable":true,"href":"https:\/\/www.sudoestehoje.com.br\/novoportal\/wp-json\/wp\/v2\/comments?post=17688"}],"version-history":[{"count":4,"href":"https:\/\/www.sudoestehoje.com.br\/novoportal\/wp-json\/wp\/v2\/posts\/17688\/revisions"}],"predecessor-version":[{"id":17692,"href":"https:\/\/www.sudoestehoje.com.br\/novoportal\/wp-json\/wp\/v2\/posts\/17688\/revisions\/17692"}],"wp:attachment":[{"href":"https:\/\/www.sudoestehoje.com.br\/novoportal\/wp-json\/wp\/v2\/media?parent=17688"}],"wp:term":[{"taxonomy":"category","embeddable":true,"href":"https:\/\/www.sudoestehoje.com.br\/novoportal\/wp-json\/wp\/v2\/categories?post=17688"},{"taxonomy":"post_tag","embeddable":true,"href":"https:\/\/www.sudoestehoje.com.br\/novoportal\/wp-json\/wp\/v2\/tags?post=17688"}],"curies":[{"name":"wp","href":"https:\/\/api.w.org\/{rel}","templated":true}]}}