
{"id":17683,"date":"2012-07-05T14:37:08","date_gmt":"2012-07-05T17:37:08","guid":{"rendered":"http:\/\/www.sudoestehoje.com.br\/novoportal\/?p=17683"},"modified":"2012-07-05T14:37:09","modified_gmt":"2012-07-05T17:37:09","slug":"itapetinga-prefeito-investe-r-236-mil-em-cemiterio-depois-de-cortar-verba-de-hospital","status":"publish","type":"post","link":"https:\/\/www.sudoestehoje.com.br\/novoportal\/2012\/07\/05\/itapetinga-prefeito-investe-r-236-mil-em-cemiterio-depois-de-cortar-verba-de-hospital\/","title":{"rendered":"ITAPETINGA: PREFEITO INVESTE R$ 236 MIL EM CEMIT\u00c9RIO DEPOIS DE CORTAR VERBA DE HOSPITAL"},"content":{"rendered":"<p><img decoding=\"async\" class=\"aligncenter\" src=\"http:\/\/blogdozeferreira.com.br\/blog\/wp-content\/uploads\/2012\/07\/clip_image001.jpg\" alt=\"\" width=\"400\" \/><\/p>\n<p style=\"text-align: center;\"><em>Z\u00e9 Carlos inaugurou reforma do cemit\u00e9rio de Bandeira do Col\u00f4nia<\/em><\/p>\n<p>&nbsp;<\/p>\n<p>ITAPETINGA: Depois de cortar o conv\u00eanio entre prefeitura e o Hospital Raimundo Perazzo no valor de R$15 mil para garantir plant\u00f5es m\u00e9dicos nos finais de semana, o Prefeito JCM reinaugurou o Cemit\u00e9rio do distrito de Bandeira do Col\u00f4nia, onde alega ter investido R$ 236 mil.<\/p>\n<p>\u201cJ\u00e1 que n\u00e3o pode cuidar da vida, o melhor \u00e9 confortar a morte\u201d, esse deveria ser o lema da campanha do mandat\u00e1rio, que est\u00e1 com um PSF do Clodoaldo com obras paralisadas, faltando m\u00e9dicos em outros PSF\u2019s e a UPA sem previs\u00e3o de funcionamento. Circula que a inaugura\u00e7\u00e3o da UPA se dar\u00e1 pouco tempo antes da elei\u00e7\u00e3o e depois voltar\u00e1 a funcionar precariamente por falta de recursos.<\/p>\n<p><img decoding=\"async\" class=\"aligncenter\" src=\"http:\/\/blogdozeferreira.com.br\/blog\/wp-content\/uploads\/2012\/07\/clip_image0021.jpg\" alt=\"\" width=\"400\" \/><\/p>\n<p style=\"text-align: center;\"><em>Na novela global, o prefeito Odorico &#8216;inaugurou&#8217;, textualmente, o cemit\u00e9rio de Sucupira<\/em><\/p>\n<p>&nbsp;<\/p>\n<p>Na Globo, na cidade fic\u00e7\u00e3o de Sucupira da na novela \u201cO Bem Amado\u201d de Dias Gomes, a trama desenvolve em torno da inaugura\u00e7\u00e3o do cemit\u00e9rio, grande obra de Odorico Paragua\u00e7u. Em Bandeira o prefeito fez grande festa para reinaugurar o cemit\u00e9rio, s\u00f3 n\u00e3o teve sepultamento.<\/p>\n<p>Em fim de carreira o Prefeito est\u00e1 apelando. Inaugura obra que n\u00e3o fez, como a reforma da escadaria da Pra\u00e7a Duque de Caxias. Montou um palanque e mini trio para inaugurar 300 metros de cal\u00e7amento feito h\u00e1 dois anos e pretende fazer festa de reforma e pinturas em col\u00e9gios. Vale tudo para tentar mostrar suas poucas realiza\u00e7\u00f5es. Pra concluir, acho que os mortos devem ser respeitados, mas cuidar da vida \u00e9 fundamental e prioridade. Sa\u00fade acima de tudo. Ser\u00e1 que teremos um novo Odorico Moura?<\/p>\n<p><strong><em>Blog do Z\u00e9 Ferreira<\/em><\/strong><\/p>\n","protected":false},"excerpt":{"rendered":"<p>Z\u00e9 Carlos inaugurou reforma do cemit\u00e9rio de Bandeira do Col\u00f4nia &nbsp; ITAPETINGA: Depois de cortar o conv\u00eanio entre prefeitura e o Hospital Raimundo Perazzo no valor de R$15 mil para garantir plant\u00f5es m\u00e9dicos nos finais de semana, o Prefeito JCM reinaugurou o Cemit\u00e9rio do distrito de Bandeira do Col\u00f4nia, onde alega ter investido R$ 236 [&hellip;]<\/p>\n","protected":false},"author":2,"featured_media":0,"comment_status":"open","ping_status":"open","sticky":false,"template":"","format":"standard","meta":{"footnotes":"","_links_to":"","_links_to_target":""},"categories":[1],"tags":[],"class_list":["post-17683","post","type-post","status-publish","format-standard","hentry","category-geral"],"views":1140,"_links":{"self":[{"href":"https:\/\/www.sudoestehoje.com.br\/novoportal\/wp-json\/wp\/v2\/posts\/17683","targetHints":{"allow":["GET"]}}],"collection":[{"href":"https:\/\/www.sudoestehoje.com.br\/novoportal\/wp-json\/wp\/v2\/posts"}],"about":[{"href":"https:\/\/www.sudoestehoje.com.br\/novoportal\/wp-json\/wp\/v2\/types\/post"}],"author":[{"embeddable":true,"href":"https:\/\/www.sudoestehoje.com.br\/novoportal\/wp-json\/wp\/v2\/users\/2"}],"replies":[{"embeddable":true,"href":"https:\/\/www.sudoestehoje.com.br\/novoportal\/wp-json\/wp\/v2\/comments?post=17683"}],"version-history":[{"count":2,"href":"https:\/\/www.sudoestehoje.com.br\/novoportal\/wp-json\/wp\/v2\/posts\/17683\/revisions"}],"predecessor-version":[{"id":17685,"href":"https:\/\/www.sudoestehoje.com.br\/novoportal\/wp-json\/wp\/v2\/posts\/17683\/revisions\/17685"}],"wp:attachment":[{"href":"https:\/\/www.sudoestehoje.com.br\/novoportal\/wp-json\/wp\/v2\/media?parent=17683"}],"wp:term":[{"taxonomy":"category","embeddable":true,"href":"https:\/\/www.sudoestehoje.com.br\/novoportal\/wp-json\/wp\/v2\/categories?post=17683"},{"taxonomy":"post_tag","embeddable":true,"href":"https:\/\/www.sudoestehoje.com.br\/novoportal\/wp-json\/wp\/v2\/tags?post=17683"}],"curies":[{"name":"wp","href":"https:\/\/api.w.org\/{rel}","templated":true}]}}