
{"id":17582,"date":"2012-07-02T10:27:55","date_gmt":"2012-07-02T13:27:55","guid":{"rendered":"http:\/\/www.sudoestehoje.com.br\/novoportal\/?p=17582"},"modified":"2012-07-02T10:27:55","modified_gmt":"2012-07-02T13:27:55","slug":"continua-queda-de-braco-entre-governo-e-professores","status":"publish","type":"post","link":"https:\/\/www.sudoestehoje.com.br\/novoportal\/2012\/07\/02\/continua-queda-de-braco-entre-governo-e-professores\/","title":{"rendered":"CONTINUA QUEDA DE BRA\u00c7O ENTRE GOVERNO E PROFESSORES"},"content":{"rendered":"<p><img decoding=\"async\" class=\"aligncenter\" src=\"http:\/\/www.blogdaresenhageral.com.br\/v1\/wp-content\/uploads\/greveprofessores0806.jpg\" alt=\"\" width=\"400\" \/><\/p>\n<p style=\"text-align: center;\"><em>Situa\u00e7\u00e3o dos professores se complica com rescis\u00f5es de 57 contratados do Reda<\/em><\/p>\n<p>&nbsp;<\/p>\n<p>\u201cComo a greve ainda n\u00e3o foi definida como ilegal, o governo n\u00e3o poderia ter tomado uma atitude desta\u201d. Com esta afirmativa a diretora do departamento jur\u00eddico do Sindicato dos Professores do Estado da Bahia (APLB), Marilene Betros, garante recorrer judicialmente contra a rescis\u00e3o de contrato das Secretarias da Educa\u00e7\u00e3o (SEC) e Administra\u00e7\u00e3o do Estado da Bahia (Saeb) com 57 professores do Regime Especial de Direito Administrativo (Reda). Os docentes foram convocados a trabalhar, mas n\u00e3o compareceram \u00e0 SEC, em apoio \u00e0 greve da categoria.<\/p>\n<p>A queda de bra\u00e7o entre o governo e os professores da rede estadual parece n\u00e3o ter fim.\u00a0Ap\u00f3s 80 dias sem acordo, a situa\u00e7\u00e3o piorou com a demiss\u00e3o dos 57 profissionais. A rescis\u00e3o foi publicada no Di\u00e1rio Oficial do Estado, na quinta-feira e na sexta-feira j\u00e1 havia a convoca\u00e7\u00e3o de outros 58 professores efetivos a comparecerem na Corregedoria da SEC, em substitui\u00e7\u00e3o aos que tiveram os contratos rescindidos.<\/p>\n<p><em>Tribuna da Bahia<\/em><\/p>\n","protected":false},"excerpt":{"rendered":"<p>Situa\u00e7\u00e3o dos professores se complica com rescis\u00f5es de 57 contratados do Reda &nbsp; \u201cComo a greve ainda n\u00e3o foi definida como ilegal, o governo n\u00e3o poderia ter tomado uma atitude desta\u201d. Com esta afirmativa a diretora do departamento jur\u00eddico do Sindicato dos Professores do Estado da Bahia (APLB), Marilene Betros, garante recorrer judicialmente contra a [&hellip;]<\/p>\n","protected":false},"author":2,"featured_media":0,"comment_status":"open","ping_status":"open","sticky":false,"template":"","format":"standard","meta":{"footnotes":"","_links_to":"","_links_to_target":""},"categories":[1],"tags":[],"class_list":["post-17582","post","type-post","status-publish","format-standard","hentry","category-geral"],"views":1181,"_links":{"self":[{"href":"https:\/\/www.sudoestehoje.com.br\/novoportal\/wp-json\/wp\/v2\/posts\/17582","targetHints":{"allow":["GET"]}}],"collection":[{"href":"https:\/\/www.sudoestehoje.com.br\/novoportal\/wp-json\/wp\/v2\/posts"}],"about":[{"href":"https:\/\/www.sudoestehoje.com.br\/novoportal\/wp-json\/wp\/v2\/types\/post"}],"author":[{"embeddable":true,"href":"https:\/\/www.sudoestehoje.com.br\/novoportal\/wp-json\/wp\/v2\/users\/2"}],"replies":[{"embeddable":true,"href":"https:\/\/www.sudoestehoje.com.br\/novoportal\/wp-json\/wp\/v2\/comments?post=17582"}],"version-history":[{"count":2,"href":"https:\/\/www.sudoestehoje.com.br\/novoportal\/wp-json\/wp\/v2\/posts\/17582\/revisions"}],"predecessor-version":[{"id":17584,"href":"https:\/\/www.sudoestehoje.com.br\/novoportal\/wp-json\/wp\/v2\/posts\/17582\/revisions\/17584"}],"wp:attachment":[{"href":"https:\/\/www.sudoestehoje.com.br\/novoportal\/wp-json\/wp\/v2\/media?parent=17582"}],"wp:term":[{"taxonomy":"category","embeddable":true,"href":"https:\/\/www.sudoestehoje.com.br\/novoportal\/wp-json\/wp\/v2\/categories?post=17582"},{"taxonomy":"post_tag","embeddable":true,"href":"https:\/\/www.sudoestehoje.com.br\/novoportal\/wp-json\/wp\/v2\/tags?post=17582"}],"curies":[{"name":"wp","href":"https:\/\/api.w.org\/{rel}","templated":true}]}}