
{"id":1750,"date":"2010-11-06T09:50:00","date_gmt":"2010-11-06T12:50:00","guid":{"rendered":"http:\/\/www.sudoestehoje.com.br\/novoportal\/?p=1750"},"modified":"2010-11-06T19:59:48","modified_gmt":"2010-11-06T22:59:48","slug":"editor-do-site-sudoestehoje-davi-ferraz-e-espancado-a-pauladas-pelo-vereador-jaci-almeida-dem","status":"publish","type":"post","link":"https:\/\/www.sudoestehoje.com.br\/novoportal\/2010\/11\/06\/editor-do-site-sudoestehoje-davi-ferraz-e-espancado-a-pauladas-pelo-vereador-jaci-almeida-dem\/","title":{"rendered":"EDITOR DO SUDOESTE HOJE \u00c9 V\u00cdTIMA DE TENTATIVA DE HOMIC\u00cdDIO, PELOS VEREADORES JACI ALMEIDA, ROMILDO TEIXEIRA, NILTON DO BICHO E O ASSESSOR JUR\u00cdDICO DA PREFEITURA, \u2018TIQUINHO\u2019"},"content":{"rendered":"<p><a href=\"http:\/\/3.bp.blogspot.com\/_vBEVDLY91Ww\/TNTw-BYXAyI\/AAAAAAAAFMk\/hcTdMSRXiCg\/s1600\/DAVI+FERRAZ+3.JPG\"><\/a><\/p>\n<p><a href=\"http:\/\/3.bp.blogspot.com\/_vBEVDLY91Ww\/TNTw-BYXAyI\/AAAAAAAAFMk\/hcTdMSRXiCg\/s1600\/DAVI+FERRAZ+3.JPG\"><\/a><\/p>\n<p><a href=\"http:\/\/3.bp.blogspot.com\/_vBEVDLY91Ww\/TNTw-BYXAyI\/AAAAAAAAFMk\/hcTdMSRXiCg\/s1600\/DAVI+FERRAZ+3.JPG\"><\/a><\/p>\n<p style=\"text-align: center;\"><a href=\"http:\/\/3.bp.blogspot.com\/_vBEVDLY91Ww\/TNTw-BYXAyI\/AAAAAAAAFMk\/hcTdMSRXiCg\/s1600\/DAVI+FERRAZ+3.JPG\"><img loading=\"lazy\" decoding=\"async\" class=\"aligncenter\" src=\"http:\/\/3.bp.blogspot.com\/_vBEVDLY91Ww\/TNTw-BYXAyI\/AAAAAAAAFMk\/hcTdMSRXiCg\/s400\/DAVI+FERRAZ+3.JPG\" border=\"0\" alt=\"\" width=\"325\" height=\"400\" \/><\/a><\/p>\n<p style=\"text-align: center;\"><strong>Davi Ferraz foi internado com traumatismo craniano<\/strong><a href=\"http:\/\/3.bp.blogspot.com\/_vBEVDLY91Ww\/TNTw-BYXAyI\/AAAAAAAAFMk\/hcTdMSRXiCg\/s1600\/DAVI+FERRAZ+3.JPG\"><\/a><\/p>\n<p>\u00a0<\/p>\n<p>Por volta d\u00e1s 21:32 h. de sexta (05) o Advogado e Blogueiro\u00a0DAVI FERRAZ SE\u00a0encontrava com a sua mulher e seus dois filhos menores em seu ve\u00edculo Peugeot\/Passion, transitando pelo centro de Itapetinga. Na rua Tiradentes, ele ouviu ao longe o vereador JACI ALMEIDA (DEM) sem camisa, descal\u00e7o e de bermudas gritar contra o mesmo palavras ofensivas.<\/p>\n<p><a href=\"http:\/\/3.bp.blogspot.com\/_vBEVDLY91Ww\/TNTw-BYXAyI\/AAAAAAAAFMk\/hcTdMSRXiCg\/s1600\/DAVI+FERRAZ+3.JPG\"><\/a>Nesse momento, segundo o blogueiro, ele pediu que a sua esposa, que conduzia o ve\u00edculo, n\u00e3o parasse, continuasse seguindo para evitar qualquer atrito:\u00a0\u201cOuvi de longe o Vereador Jaci Almeida (Dem) sem camisa me gritando, repentinamente um Fiesta Preto com o Vereador Romildo Teixeira (pdt), Nilton do Bicho (PDT) e conduzido pelo Advogado Hild\u00e9rico Nogueira parou em frente ao meu ve\u00edculo, me fechando a passagem. Logo recebi, inesperadamente, um murro nas proximidades do rosto, do vereador JACI &#8220;B\u00f3&#8221; , que grudou em minha camisa me puxando para fora do ve\u00edculo. Com um peda\u00e7o de pau nas m\u00e3os ele batia contra a minha cabe\u00e7a, e eu tentava me defender \u00e0 todo custo e aos meus filhos que se encontravam dentro do carro aterrorizados, assistindo aquela terr\u00edvel cena.\u201d<\/p>\n<p><a href=\"http:\/\/3.bp.blogspot.com\/_vBEVDLY91Ww\/TNTw-BYXAyI\/AAAAAAAAFMk\/hcTdMSRXiCg\/s1600\/DAVI+FERRAZ+3.JPG\"><\/a><\/p>\n<p><a href=\"http:\/\/3.bp.blogspot.com\/_vBEVDLY91Ww\/TNTw-BYXAyI\/AAAAAAAAFMk\/hcTdMSRXiCg\/s1600\/DAVI+FERRAZ+3.JPG\"><\/a><\/p>\n<p style=\"text-align: center;\"><a href=\"http:\/\/3.bp.blogspot.com\/_vBEVDLY91Ww\/TNTw-BYXAyI\/AAAAAAAAFMk\/hcTdMSRXiCg\/s1600\/DAVI+FERRAZ+3.JPG\"><em>\u00a0<\/em><\/a><em><a href=\"http:\/\/2.bp.blogspot.com\/_vBEVDLY91Ww\/TNTwws4w0hI\/AAAAAAAAFMg\/NyBb74O8v1k\/s1600\/DAVI+FERRAZ.JPG\"><img loading=\"lazy\" decoding=\"async\" class=\"aligncenter\" src=\"http:\/\/2.bp.blogspot.com\/_vBEVDLY91Ww\/TNTwws4w0hI\/AAAAAAAAFMg\/NyBb74O8v1k\/s320\/DAVI+FERRAZ.JPG\" border=\"0\" alt=\"\" width=\"249\" height=\"320\" \/><\/a><\/em><\/p>\n<p style=\"text-align: center;\"><strong>Jacy e Romildo agrediram Davi a pauladas. Os outros deram cobertura<\/strong><\/p>\n<p>Davi Ferraz teve os bot\u00f5es de sua camisa totalmente arrancados pela a\u00e7\u00e3o do vereador e acusou, em queixa registrada na Depol, de estar sendo amea\u00e7ado de morte por Jaci: \u201cEle ficava gritando o tempo todo para mim e para meus filhos que iria me matar, que eu era um homem morto&#8230; se n\u00e3o fosse a ajuda de populares que l\u00e1 se encontravam \u201celes\u201d provavelmente teriam me matado, pois as pessoas me ajudaram e impediram que continuassem o espancamento. Foi uma &#8217;emboscada&#8217; \u00a0premeditada por Jacy, Romildo, Tiquinho e Nilton do Bicho. Todos eles queriam me matar, tenho certeza.\u201d<\/p>\n<p>Davi foi hospitalizado na madrugada do s\u00e1bado no Hospital Cristo Redentor com v\u00e1rias les\u00f5es e hematomas, principalmente na regi\u00e3o da cabe\u00e7a. Segundo informa\u00e7\u00f5es do m\u00e9dico Dr. Marcelo Campan\u00e1rio ele sofreu \u201cTraumatismo Craniano\u201d e permanecer\u00e1 hospitalizado para verificar a profundidade das les\u00f5es sofridas.<\/p>\n<p style=\"text-align: center;\"><em><em><strong><span style=\"text-decoration: underline;\">O &#8220;MOTIVO&#8221; DAS AGRESS\u00d5ES<\/span><\/strong><\/em><\/em><\/p>\n<p style=\"text-align: center;\"><em><em><strong><span style=\"text-decoration: underline;\"><a href=\"http:\/\/1.bp.blogspot.com\/_vBEVDLY91Ww\/TNTxPWvLS1I\/AAAAAAAAFMo\/TZTQhuNW-GQ\/s1600\/DAVI+FERRAZ+2.JPG\"><img loading=\"lazy\" decoding=\"async\" class=\"aligncenter\" src=\"http:\/\/1.bp.blogspot.com\/_vBEVDLY91Ww\/TNTxPWvLS1I\/AAAAAAAAFMo\/TZTQhuNW-GQ\/s320\/DAVI+FERRAZ+2.JPG\" border=\"0\" alt=\"\" width=\"278\" height=\"320\" \/><\/a><\/span><\/strong><\/em><\/em><\/p>\n<p style=\"text-align: center;\"><strong>Carro dirigido pela esposa de Davi foi &#8216;fechado&#8217; pelo Assessor do prefeito<\/strong><\/p>\n<p>Amigos de Jaci Almeida procuraram o Itapetinga Agora na madrugada de s\u00e1bado informando que o vereador se sentia extremamente perseguido pelo Blog do Advogado:\u00a0\u201cJaci n\u00e3o estava mais suportando as fofocas colocadas no site de Davi e acabou perdendo a cabe\u00e7a e fazendo uma bobagem. Ele reclamava que Davi estava inventado mentiras com o seu nome e dizia que quando o encontrasse iria ter \u2018Uma conversa de homem\u2019 com o advogado.\u201d<\/p>\n<p>Fotos: Tiago Bottino<br \/>\nCom informa\u00e7\u00f5es do\u00a0 www.itapetingaagora.com<\/p>\n","protected":false},"excerpt":{"rendered":"<p>Davi Ferraz foi internado com traumatismo craniano \u00a0 Por volta d\u00e1s 21:32 h. de sexta (05) o Advogado e Blogueiro\u00a0DAVI FERRAZ SE\u00a0encontrava com a sua mulher e seus dois filhos menores em seu ve\u00edculo Peugeot\/Passion, transitando pelo centro de Itapetinga. Na rua Tiradentes, ele ouviu ao longe o vereador JACI ALMEIDA (DEM) sem camisa, descal\u00e7o [&hellip;]<\/p>\n","protected":false},"author":1,"featured_media":0,"comment_status":"open","ping_status":"open","sticky":false,"template":"","format":"standard","meta":{"footnotes":"","_links_to":"","_links_to_target":""},"categories":[1],"tags":[],"class_list":["post-1750","post","type-post","status-publish","format-standard","hentry","category-geral"],"views":7758,"_links":{"self":[{"href":"https:\/\/www.sudoestehoje.com.br\/novoportal\/wp-json\/wp\/v2\/posts\/1750","targetHints":{"allow":["GET"]}}],"collection":[{"href":"https:\/\/www.sudoestehoje.com.br\/novoportal\/wp-json\/wp\/v2\/posts"}],"about":[{"href":"https:\/\/www.sudoestehoje.com.br\/novoportal\/wp-json\/wp\/v2\/types\/post"}],"author":[{"embeddable":true,"href":"https:\/\/www.sudoestehoje.com.br\/novoportal\/wp-json\/wp\/v2\/users\/1"}],"replies":[{"embeddable":true,"href":"https:\/\/www.sudoestehoje.com.br\/novoportal\/wp-json\/wp\/v2\/comments?post=1750"}],"version-history":[{"count":9,"href":"https:\/\/www.sudoestehoje.com.br\/novoportal\/wp-json\/wp\/v2\/posts\/1750\/revisions"}],"predecessor-version":[{"id":1753,"href":"https:\/\/www.sudoestehoje.com.br\/novoportal\/wp-json\/wp\/v2\/posts\/1750\/revisions\/1753"}],"wp:attachment":[{"href":"https:\/\/www.sudoestehoje.com.br\/novoportal\/wp-json\/wp\/v2\/media?parent=1750"}],"wp:term":[{"taxonomy":"category","embeddable":true,"href":"https:\/\/www.sudoestehoje.com.br\/novoportal\/wp-json\/wp\/v2\/categories?post=1750"},{"taxonomy":"post_tag","embeddable":true,"href":"https:\/\/www.sudoestehoje.com.br\/novoportal\/wp-json\/wp\/v2\/tags?post=1750"}],"curies":[{"name":"wp","href":"https:\/\/api.w.org\/{rel}","templated":true}]}}