
{"id":17458,"date":"2012-06-29T23:36:20","date_gmt":"2012-06-30T02:36:20","guid":{"rendered":"http:\/\/www.sudoestehoje.com.br\/novoportal\/?p=17458"},"modified":"2012-06-29T23:36:20","modified_gmt":"2012-06-30T02:36:20","slug":"supremo-cassa-liminar-e-professores-exigirao-pagamento-dos-salarios-cortados-por-wagner","status":"publish","type":"post","link":"https:\/\/www.sudoestehoje.com.br\/novoportal\/2012\/06\/29\/supremo-cassa-liminar-e-professores-exigirao-pagamento-dos-salarios-cortados-por-wagner\/","title":{"rendered":"SUPREMO CASSA LIMINAR E PROFESSORES EXIGIR\u00c3O PAGAMENTO DOS SAL\u00c1RIOS CORTADOS POR WAGNER"},"content":{"rendered":"<p><img decoding=\"async\" class=\"aligncenter\" src=\"http:\/\/www.bahianoticias.com.br\/fotos\/principal_noticias\/118414\/IMAGEM_NOTICIA_5.jpg\" alt=\"Ap\u00f3s queda de liminar, professores exigir\u00e3o devolu\u00e7\u00e3o de sal\u00e1rios cortados\" width=\"400\" \/><\/p>\n<p>&nbsp;<\/p>\n<p>Ap\u00f3s o ministro do Supremo Tribunal Federal (STF), Ricardo Lewandowski, ter cassado a liminar que determinava a ilegalidade da greve dos professores da rede estadual de ensino, o Sindicato dos Trabalhadores em Educa\u00e7\u00e3o do Estado da Bahia (APLB) exigir\u00e1 na Justi\u00e7a a devolu\u00e7\u00e3o dos\u00a0<a href=\"http:\/\/www.bahianoticias.com.br\/principal\/noticia\/117517-professores-comemoram-decisao-do-stf-e-cobram-pagamento-de-salarios.html\" target=\"_blank\">sal\u00e1rios cortados<\/a>.<\/p>\n<p>Em entrevista ao Bahia Not\u00edcias, a diretora do departamento jur\u00eddico, Marilene Betros, contou que ainda nesta sexta-feira (29) a entidade \u201ctomar\u00e1 as medidas cab\u00edveis\u201d para que o governo do Estado pague os\u00a0<a href=\"http:\/\/www.bahianoticias.com.br\/principal\/noticia\/117217-sem-salarios-professores-em-greve-fazem-malabarismo-para-sobreviver.html\" target=\"_blank\">sal\u00e1rios dos grevistas<\/a>. \u201cEle [Lewandowski] considerou que o foro competente para julgar essa mat\u00e9ria \u00e9 o Tribunal de Justi\u00e7a e n\u00e3o a 5\u00aa Vara da Fazenda P\u00fablica. Por isso determinou que os autos sejam encaminhados para o Tribunal, o que significa n\u00e3o apenas a queda da\u00a0 liminar da ilegalidade do movimento, mas tem implica\u00e7\u00f5es no corte de sal\u00e1rios e no confisco da contribui\u00e7\u00e3o sindical, que estavam amparados nessa decis\u00e3o\u201d, explicou.<\/p>\n<p>Com a queda da determina\u00e7\u00e3o do juiz da 5\u00aa Vara da Fazenda P\u00fablica de Salvador, Ricardo D&#8217; \u00c1vila, o processo volta para o TJ-BA que deve receber a documenta\u00e7\u00e3o do caso j\u00e1 na pr\u00f3xima semana. \u201cIsso posto, julgo parcialmente procedente o pedido formulado nesta reclama\u00e7\u00e3o [&#8230;] apenas para cassar\u00a0<em>in totum<\/em>\u00a0a decis\u00e3o ora impugnada, proferida, em 13\/4\/2012, na A\u00e7\u00e3o Civil P\u00fablica 0329637-85.2012.8.05.0001, e determinar sua imediata remessa ao Tribunal de Justi\u00e7a do Estado da Bahia, onde dever\u00e1 ser originariamente processada e julgada \u00e0 luz do que contido nas Leis\u201d, diz a decis\u00e3o do STF.<\/p>\n","protected":false},"excerpt":{"rendered":"<p>&nbsp; Ap\u00f3s o ministro do Supremo Tribunal Federal (STF), Ricardo Lewandowski, ter cassado a liminar que determinava a ilegalidade da greve dos professores da rede estadual de ensino, o Sindicato dos Trabalhadores em Educa\u00e7\u00e3o do Estado da Bahia (APLB) exigir\u00e1 na Justi\u00e7a a devolu\u00e7\u00e3o dos\u00a0sal\u00e1rios cortados. Em entrevista ao Bahia Not\u00edcias, a diretora do departamento [&hellip;]<\/p>\n","protected":false},"author":2,"featured_media":0,"comment_status":"open","ping_status":"open","sticky":false,"template":"","format":"standard","meta":{"footnotes":"","_links_to":"","_links_to_target":""},"categories":[1],"tags":[],"class_list":["post-17458","post","type-post","status-publish","format-standard","hentry","category-geral"],"views":1243,"_links":{"self":[{"href":"https:\/\/www.sudoestehoje.com.br\/novoportal\/wp-json\/wp\/v2\/posts\/17458","targetHints":{"allow":["GET"]}}],"collection":[{"href":"https:\/\/www.sudoestehoje.com.br\/novoportal\/wp-json\/wp\/v2\/posts"}],"about":[{"href":"https:\/\/www.sudoestehoje.com.br\/novoportal\/wp-json\/wp\/v2\/types\/post"}],"author":[{"embeddable":true,"href":"https:\/\/www.sudoestehoje.com.br\/novoportal\/wp-json\/wp\/v2\/users\/2"}],"replies":[{"embeddable":true,"href":"https:\/\/www.sudoestehoje.com.br\/novoportal\/wp-json\/wp\/v2\/comments?post=17458"}],"version-history":[{"count":3,"href":"https:\/\/www.sudoestehoje.com.br\/novoportal\/wp-json\/wp\/v2\/posts\/17458\/revisions"}],"predecessor-version":[{"id":17461,"href":"https:\/\/www.sudoestehoje.com.br\/novoportal\/wp-json\/wp\/v2\/posts\/17458\/revisions\/17461"}],"wp:attachment":[{"href":"https:\/\/www.sudoestehoje.com.br\/novoportal\/wp-json\/wp\/v2\/media?parent=17458"}],"wp:term":[{"taxonomy":"category","embeddable":true,"href":"https:\/\/www.sudoestehoje.com.br\/novoportal\/wp-json\/wp\/v2\/categories?post=17458"},{"taxonomy":"post_tag","embeddable":true,"href":"https:\/\/www.sudoestehoje.com.br\/novoportal\/wp-json\/wp\/v2\/tags?post=17458"}],"curies":[{"name":"wp","href":"https:\/\/api.w.org\/{rel}","templated":true}]}}