
{"id":17443,"date":"2012-06-29T08:51:21","date_gmt":"2012-06-29T11:51:21","guid":{"rendered":"http:\/\/www.sudoestehoje.com.br\/novoportal\/?p=17443"},"modified":"2012-06-29T08:51:21","modified_gmt":"2012-06-29T11:51:21","slug":"alfredo-cabral-e-convidado-para-vice-na-chapa-de-ze-carlos","status":"publish","type":"post","link":"https:\/\/www.sudoestehoje.com.br\/novoportal\/2012\/06\/29\/alfredo-cabral-e-convidado-para-vice-na-chapa-de-ze-carlos\/","title":{"rendered":"ALFREDO CABRAL \u00c9 CONVIDADO PARA VICE NA CHAPA DE Z\u00c9 CARLOS"},"content":{"rendered":"<p><img decoding=\"async\" class=\"alignnone aligncenter\" src=\"http:\/\/www.sudoestehoje.com.br\/novoportal\/wp-content\/uploads\/2011\/08\/02.jpg\" alt=\"\" width=\"350\" \/><\/p>\n<p style=\"text-align: center;\"><em>Alfredo Cabral deve ser o vice de Z\u00e9 Carlos<\/em><\/p>\n<p>&nbsp;<\/p>\n<p>ITAPETINGA: Como j\u00e1 era esperado, o vereador Alfredo Cabral (PSD) acabou sendo convidado formalmente para compor a chapa majorit\u00e1ria do PT, juntamente com o atual prefeito Jos\u00e9 Carlos Moura. A decis\u00e3o de convidar o vereador Alfredo Cabral para ser vice de Z\u00e9 Carlos passou pelas c\u00fapulas do PT e do PSD em Salvador, com a participa\u00e7\u00e3o do prefeito Z\u00e9 Carlos, que foi \u00e0 capital para conversar pessoalmente com Rosemberg Pinto e o vice-governador Otto Alencar, presidente estadual do PSD e l\u00edder pol\u00edtico do vereador Alfredo.<\/p>\n<p>Em contato com a nossa reda\u00e7\u00e3o, Alfredo Cabral informou que recebeu o convite do PT, mas que estaria consultando a sua base de apoio para tomar uma decis\u00e3o, o que deve ocorrer at\u00e9 o meio dia desta sexta-feira, prazo acordado para que o vereador d\u00ea a sua resposta, dizendo se aceita ou n\u00e3o o convite.<\/p>\n<p>A tend\u00eancia, entretanto \u00e9 de que Alfredo Cabral venha a aceitar o desafio, o que coloca uma p\u00e1-de-cal nas pretens\u00f5es de outros postulantes \u00e0 candidatura de vice na chapa petista, como o advogado &#8216;Tiquinho&#8217;, afilhado de Romildo Teixeira, e Al\u00e9cio Chaves (PT), que ficou ineleg\u00edvel por n\u00e3o ter se desincompatibilizado do cargo de secret\u00e1rio de governo, no prazo legal.<\/p>\n<p>A conven\u00e7\u00e3o do PT e partidos coligados acontece neste s\u00e1bado (30), no Gin\u00e1sio de Esportes de Itapetinga, na Av. Am\u00e9rico Nogueira.<\/p>\n<p><strong><em>Por Davi Ferraz<\/em><\/strong><\/p>\n","protected":false},"excerpt":{"rendered":"<p>Alfredo Cabral deve ser o vice de Z\u00e9 Carlos &nbsp; ITAPETINGA: Como j\u00e1 era esperado, o vereador Alfredo Cabral (PSD) acabou sendo convidado formalmente para compor a chapa majorit\u00e1ria do PT, juntamente com o atual prefeito Jos\u00e9 Carlos Moura. A decis\u00e3o de convidar o vereador Alfredo Cabral para ser vice de Z\u00e9 Carlos passou pelas [&hellip;]<\/p>\n","protected":false},"author":2,"featured_media":0,"comment_status":"open","ping_status":"open","sticky":false,"template":"","format":"standard","meta":{"footnotes":"","_links_to":"","_links_to_target":""},"categories":[1],"tags":[],"class_list":["post-17443","post","type-post","status-publish","format-standard","hentry","category-geral"],"views":1467,"_links":{"self":[{"href":"https:\/\/www.sudoestehoje.com.br\/novoportal\/wp-json\/wp\/v2\/posts\/17443","targetHints":{"allow":["GET"]}}],"collection":[{"href":"https:\/\/www.sudoestehoje.com.br\/novoportal\/wp-json\/wp\/v2\/posts"}],"about":[{"href":"https:\/\/www.sudoestehoje.com.br\/novoportal\/wp-json\/wp\/v2\/types\/post"}],"author":[{"embeddable":true,"href":"https:\/\/www.sudoestehoje.com.br\/novoportal\/wp-json\/wp\/v2\/users\/2"}],"replies":[{"embeddable":true,"href":"https:\/\/www.sudoestehoje.com.br\/novoportal\/wp-json\/wp\/v2\/comments?post=17443"}],"version-history":[{"count":3,"href":"https:\/\/www.sudoestehoje.com.br\/novoportal\/wp-json\/wp\/v2\/posts\/17443\/revisions"}],"predecessor-version":[{"id":17446,"href":"https:\/\/www.sudoestehoje.com.br\/novoportal\/wp-json\/wp\/v2\/posts\/17443\/revisions\/17446"}],"wp:attachment":[{"href":"https:\/\/www.sudoestehoje.com.br\/novoportal\/wp-json\/wp\/v2\/media?parent=17443"}],"wp:term":[{"taxonomy":"category","embeddable":true,"href":"https:\/\/www.sudoestehoje.com.br\/novoportal\/wp-json\/wp\/v2\/categories?post=17443"},{"taxonomy":"post_tag","embeddable":true,"href":"https:\/\/www.sudoestehoje.com.br\/novoportal\/wp-json\/wp\/v2\/tags?post=17443"}],"curies":[{"name":"wp","href":"https:\/\/api.w.org\/{rel}","templated":true}]}}