
{"id":17439,"date":"2012-06-29T08:27:57","date_gmt":"2012-06-29T11:27:57","guid":{"rendered":"http:\/\/www.sudoestehoje.com.br\/novoportal\/?p=17439"},"modified":"2012-06-29T08:27:57","modified_gmt":"2012-06-29T11:27:57","slug":"gilson-de-jesus-sera-o-vice-na-chapa-de-katia-espinheira","status":"publish","type":"post","link":"https:\/\/www.sudoestehoje.com.br\/novoportal\/2012\/06\/29\/gilson-de-jesus-sera-o-vice-na-chapa-de-katia-espinheira\/","title":{"rendered":"GILSON DE JESUS SER\u00c1 O VICE NA CHAPA DE K\u00c1TIA ESPINHEIRA"},"content":{"rendered":"<p><img decoding=\"async\" class=\"aligncenter\" src=\"http:\/\/3.bp.blogspot.com\/_uq6liMBhfMI\/Smyi-5DRlUI\/AAAAAAAACcE\/CAaDAR7_uSM\/s400\/Gilson.jpg\" alt=\"\" \/><\/p>\n<p style=\"text-align: center;\"><em>Vereador Gilson de Jesus (PCdoB)\u00a0<\/em><\/p>\n<p>&nbsp;<\/p>\n<p>ITAPETINGA: Depois de muitas idas e vindas, o vereador Gilson de Jesus (PCdoB) acabou finalmente aceitando o convite do PMDB e vai compor chapa com K\u00e1tia Espinheira, rumo \u00e0s elei\u00e7\u00f5es de outubro. Com Gilson na vice, K\u00e1tia Espinheira finalmente respirou e vai para \u00e0 conven\u00e7\u00e3o municipal desta sexta-feira, com muita confian\u00e7a.<\/p>\n<p>Gilson de Jesus \u00e9 um dos quadros mais importantes da pol\u00edtica de Itapetinga e deveria partir para o seu 6\u00ba mandato como vereador \u00a0do munic\u00edpio. Entretanto, depois de muita negocia\u00e7\u00e3o, Gilson acabou aceitando o desafio de se candidatar a vice-prefeito ao lado de K\u00e1tia Espinheira, agregando for\u00e7a \u00e0 chapa dos &#8216;gabirabas&#8217;.<\/p>\n<p>Com a escolha de Gilson de Jesus, entretanto, a coliga\u00e7\u00e3o encabe\u00e7ada pelo PMDB pode perder um importante aliado, o PSB, que tamb\u00e9m pleiteava a vice, mas que deve compor agora com outros partidos, provavelmente com a coliga\u00e7\u00e3o &#8220;Unindo For\u00e7as com Itapetinga&#8217;, formada pelo PV, PSDC e PTdoB, cujo candidato escolhido em conven\u00e7\u00e3o \u00e9 o professor Ramiro Oliveira (PTdoB).<\/p>\n<p>A conven\u00e7\u00e3o municipal do PMDB e PCdoB ser\u00e1 realizada nesta sexta-feira, a partir das 09h, na C\u00e2mara Municipal de Itapetinga.<\/p>\n<p><strong><em>Por Davi Ferraz<\/em><\/strong><\/p>\n","protected":false},"excerpt":{"rendered":"<p>Vereador Gilson de Jesus (PCdoB)\u00a0 &nbsp; ITAPETINGA: Depois de muitas idas e vindas, o vereador Gilson de Jesus (PCdoB) acabou finalmente aceitando o convite do PMDB e vai compor chapa com K\u00e1tia Espinheira, rumo \u00e0s elei\u00e7\u00f5es de outubro. Com Gilson na vice, K\u00e1tia Espinheira finalmente respirou e vai para \u00e0 conven\u00e7\u00e3o municipal desta sexta-feira, com [&hellip;]<\/p>\n","protected":false},"author":2,"featured_media":0,"comment_status":"open","ping_status":"open","sticky":false,"template":"","format":"standard","meta":{"footnotes":"","_links_to":"","_links_to_target":""},"categories":[1],"tags":[],"class_list":["post-17439","post","type-post","status-publish","format-standard","hentry","category-geral"],"views":1319,"_links":{"self":[{"href":"https:\/\/www.sudoestehoje.com.br\/novoportal\/wp-json\/wp\/v2\/posts\/17439","targetHints":{"allow":["GET"]}}],"collection":[{"href":"https:\/\/www.sudoestehoje.com.br\/novoportal\/wp-json\/wp\/v2\/posts"}],"about":[{"href":"https:\/\/www.sudoestehoje.com.br\/novoportal\/wp-json\/wp\/v2\/types\/post"}],"author":[{"embeddable":true,"href":"https:\/\/www.sudoestehoje.com.br\/novoportal\/wp-json\/wp\/v2\/users\/2"}],"replies":[{"embeddable":true,"href":"https:\/\/www.sudoestehoje.com.br\/novoportal\/wp-json\/wp\/v2\/comments?post=17439"}],"version-history":[{"count":3,"href":"https:\/\/www.sudoestehoje.com.br\/novoportal\/wp-json\/wp\/v2\/posts\/17439\/revisions"}],"predecessor-version":[{"id":17442,"href":"https:\/\/www.sudoestehoje.com.br\/novoportal\/wp-json\/wp\/v2\/posts\/17439\/revisions\/17442"}],"wp:attachment":[{"href":"https:\/\/www.sudoestehoje.com.br\/novoportal\/wp-json\/wp\/v2\/media?parent=17439"}],"wp:term":[{"taxonomy":"category","embeddable":true,"href":"https:\/\/www.sudoestehoje.com.br\/novoportal\/wp-json\/wp\/v2\/categories?post=17439"},{"taxonomy":"post_tag","embeddable":true,"href":"https:\/\/www.sudoestehoje.com.br\/novoportal\/wp-json\/wp\/v2\/tags?post=17439"}],"curies":[{"name":"wp","href":"https:\/\/api.w.org\/{rel}","templated":true}]}}