
{"id":17423,"date":"2012-06-28T23:06:19","date_gmt":"2012-06-29T02:06:19","guid":{"rendered":"http:\/\/www.sudoestehoje.com.br\/novoportal\/?p=17423"},"modified":"2012-06-28T23:06:19","modified_gmt":"2012-06-29T02:06:19","slug":"vilas-sem-taxis","status":"publish","type":"post","link":"https:\/\/www.sudoestehoje.com.br\/novoportal\/2012\/06\/28\/vilas-sem-taxis\/","title":{"rendered":"VILAS SEM TAXIS"},"content":{"rendered":"<p><img decoding=\"async\" class=\"aligncenter\" src=\"http:\/\/4.bp.blogspot.com\/-tS-69onSsA4\/TWavIKuDl8I\/AAAAAAAAAOU\/Hl6jbcTGekk\/s320\/ATOLADOS.jpg\" alt=\"\" width=\"150\" \/><\/p>\n<p>Ouvi hoje de um taxista conhecido, que alguns dos seus colegas de trabalho, da Pra\u00e7a Augusto de Carvalho, est\u00e3o se negando de pegar corrida para as Vilas, em decorr\u00eancia do lama\u00e7al que tomou conta da Av. J\u00falio Rodrigues. A justificativa dos taxistas \u00e9 simples: enquanto uma corrida de taxi para os bairros custa apenas R$15,00, a lavagem do ve\u00edculo custa R$ 25,00. J\u00e1 que os taxistas da pra\u00e7a gozam de um enorme prest\u00edgio com o prefeito Z\u00e9 Carlos, bem que poderiam dar uma forcinha para o &#8216;amig\u00e3o&#8217; concluir logo aquela obra e acabar com a lama\u00e7al.<\/p>\n","protected":false},"excerpt":{"rendered":"<p>Ouvi hoje de um taxista conhecido, que alguns dos seus colegas de trabalho, da Pra\u00e7a Augusto de Carvalho, est\u00e3o se negando de pegar corrida para as Vilas, em decorr\u00eancia do lama\u00e7al que tomou conta da Av. J\u00falio Rodrigues. A justificativa dos taxistas \u00e9 simples: enquanto uma corrida de taxi para os bairros custa apenas R$15,00, [&hellip;]<\/p>\n","protected":false},"author":2,"featured_media":0,"comment_status":"open","ping_status":"open","sticky":false,"template":"","format":"standard","meta":{"footnotes":"","_links_to":"","_links_to_target":""},"categories":[11],"tags":[],"class_list":["post-17423","post","type-post","status-publish","format-standard","hentry","category-quentinhas"],"views":1225,"_links":{"self":[{"href":"https:\/\/www.sudoestehoje.com.br\/novoportal\/wp-json\/wp\/v2\/posts\/17423","targetHints":{"allow":["GET"]}}],"collection":[{"href":"https:\/\/www.sudoestehoje.com.br\/novoportal\/wp-json\/wp\/v2\/posts"}],"about":[{"href":"https:\/\/www.sudoestehoje.com.br\/novoportal\/wp-json\/wp\/v2\/types\/post"}],"author":[{"embeddable":true,"href":"https:\/\/www.sudoestehoje.com.br\/novoportal\/wp-json\/wp\/v2\/users\/2"}],"replies":[{"embeddable":true,"href":"https:\/\/www.sudoestehoje.com.br\/novoportal\/wp-json\/wp\/v2\/comments?post=17423"}],"version-history":[{"count":1,"href":"https:\/\/www.sudoestehoje.com.br\/novoportal\/wp-json\/wp\/v2\/posts\/17423\/revisions"}],"predecessor-version":[{"id":17424,"href":"https:\/\/www.sudoestehoje.com.br\/novoportal\/wp-json\/wp\/v2\/posts\/17423\/revisions\/17424"}],"wp:attachment":[{"href":"https:\/\/www.sudoestehoje.com.br\/novoportal\/wp-json\/wp\/v2\/media?parent=17423"}],"wp:term":[{"taxonomy":"category","embeddable":true,"href":"https:\/\/www.sudoestehoje.com.br\/novoportal\/wp-json\/wp\/v2\/categories?post=17423"},{"taxonomy":"post_tag","embeddable":true,"href":"https:\/\/www.sudoestehoje.com.br\/novoportal\/wp-json\/wp\/v2\/tags?post=17423"}],"curies":[{"name":"wp","href":"https:\/\/api.w.org\/{rel}","templated":true}]}}