
{"id":17386,"date":"2012-06-28T00:01:27","date_gmt":"2012-06-28T03:01:27","guid":{"rendered":"http:\/\/www.sudoestehoje.com.br\/novoportal\/?p=17386"},"modified":"2012-06-27T23:53:16","modified_gmt":"2012-06-28T02:53:16","slug":"convencao-do-pt-e-neste-sabado","status":"publish","type":"post","link":"https:\/\/www.sudoestehoje.com.br\/novoportal\/2012\/06\/28\/convencao-do-pt-e-neste-sabado\/","title":{"rendered":"CONVEN\u00c7\u00c3O DO PT \u00c9 NESTE S\u00c1BADO"},"content":{"rendered":"<p><img decoding=\"async\" class=\"aligncenter\" src=\"http:\/\/www.blogdoanderson.com\/v2\/wp-content\/uploads\/2012\/04\/DSC_0006-001.jpg\" alt=\"\" width=\"400\" \/><\/p>\n<p style=\"text-align: center;\"><em>Z\u00e9 Carlos tenta a relei\u00e7\u00e3o totalmente desgastado, com um PT dividido<\/em><\/p>\n<p>&nbsp;<\/p>\n<p>ITAPETINGA: No pr\u00f3ximo s\u00e1bado (30) o Partido dos Trabalhadores (PT) de Itapetinga realiza a sua conven\u00e7\u00e3o para homologar a candidatura do atual prefeito Jos\u00e9 Carlos Moura, que ir\u00e1 tentar a reelei\u00e7\u00e3o. O local escolhido para o evento foi o Gin\u00e1sio de Esportes, localizado na Av. Am\u00e9rico Nogueira, no bairro Clodoaldo Costa, devendo se estender durante todo o dia.<\/p>\n<p>A expectativa para a conven\u00e7\u00e3o petista \u00e9 em rela\u00e7\u00e3o \u00e0 escolha do candidato a vice-prefeito, que ainda n\u00e3o foi definida. Alfredo Cabral (PSD), Tiquinho (PDT) e Al\u00e9cio Chaves (PT) s\u00e3o os nomes mais cotados, embora este \u00faltimo esteja ineleg\u00edvel, por n\u00e3o ter se desligado do cargo de Secret\u00e1rio de Governo, em tempo h\u00e1bil.<\/p>\n<p><strong><em>Da Reda\u00e7\u00e3o<\/em><\/strong><\/p>\n<p>&nbsp;<\/p>\n","protected":false},"excerpt":{"rendered":"<p>Z\u00e9 Carlos tenta a relei\u00e7\u00e3o totalmente desgastado, com um PT dividido &nbsp; ITAPETINGA: No pr\u00f3ximo s\u00e1bado (30) o Partido dos Trabalhadores (PT) de Itapetinga realiza a sua conven\u00e7\u00e3o para homologar a candidatura do atual prefeito Jos\u00e9 Carlos Moura, que ir\u00e1 tentar a reelei\u00e7\u00e3o. O local escolhido para o evento foi o Gin\u00e1sio de Esportes, localizado [&hellip;]<\/p>\n","protected":false},"author":2,"featured_media":0,"comment_status":"open","ping_status":"open","sticky":false,"template":"","format":"standard","meta":{"footnotes":"","_links_to":"","_links_to_target":""},"categories":[1],"tags":[],"class_list":["post-17386","post","type-post","status-publish","format-standard","hentry","category-geral"],"views":1208,"_links":{"self":[{"href":"https:\/\/www.sudoestehoje.com.br\/novoportal\/wp-json\/wp\/v2\/posts\/17386","targetHints":{"allow":["GET"]}}],"collection":[{"href":"https:\/\/www.sudoestehoje.com.br\/novoportal\/wp-json\/wp\/v2\/posts"}],"about":[{"href":"https:\/\/www.sudoestehoje.com.br\/novoportal\/wp-json\/wp\/v2\/types\/post"}],"author":[{"embeddable":true,"href":"https:\/\/www.sudoestehoje.com.br\/novoportal\/wp-json\/wp\/v2\/users\/2"}],"replies":[{"embeddable":true,"href":"https:\/\/www.sudoestehoje.com.br\/novoportal\/wp-json\/wp\/v2\/comments?post=17386"}],"version-history":[{"count":5,"href":"https:\/\/www.sudoestehoje.com.br\/novoportal\/wp-json\/wp\/v2\/posts\/17386\/revisions"}],"predecessor-version":[{"id":17389,"href":"https:\/\/www.sudoestehoje.com.br\/novoportal\/wp-json\/wp\/v2\/posts\/17386\/revisions\/17389"}],"wp:attachment":[{"href":"https:\/\/www.sudoestehoje.com.br\/novoportal\/wp-json\/wp\/v2\/media?parent=17386"}],"wp:term":[{"taxonomy":"category","embeddable":true,"href":"https:\/\/www.sudoestehoje.com.br\/novoportal\/wp-json\/wp\/v2\/categories?post=17386"},{"taxonomy":"post_tag","embeddable":true,"href":"https:\/\/www.sudoestehoje.com.br\/novoportal\/wp-json\/wp\/v2\/tags?post=17386"}],"curies":[{"name":"wp","href":"https:\/\/api.w.org\/{rel}","templated":true}]}}