
{"id":17380,"date":"2012-06-28T00:00:33","date_gmt":"2012-06-28T03:00:33","guid":{"rendered":"http:\/\/www.sudoestehoje.com.br\/novoportal\/?p=17380"},"modified":"2012-06-27T23:54:31","modified_gmt":"2012-06-28T02:54:31","slug":"mao-branca-prestigia-convencao-da-coligacao-pvpsdcptdob","status":"publish","type":"post","link":"https:\/\/www.sudoestehoje.com.br\/novoportal\/2012\/06\/28\/mao-branca-prestigia-convencao-da-coligacao-pvpsdcptdob\/","title":{"rendered":"M\u00c3O BRANCA PRESTIGIA CONVEN\u00c7\u00c3O DA COLIGA\u00c7\u00c3O PV\/PSDC\/PTdoB"},"content":{"rendered":"<p>&nbsp;<\/p>\n<p style=\"text-align: center;\"><a href=\"http:\/\/www.sudoestehoje.com.br\/novoportal\/wp-content\/uploads\/2012\/06\/DSC07289.jpg\"><img decoding=\"async\" class=\"aligncenter  wp-image-17381\" title=\"DSC07289\" src=\"http:\/\/www.sudoestehoje.com.br\/novoportal\/wp-content\/uploads\/2012\/06\/DSC07289-500x333.jpg\" alt=\"\" width=\"400\" srcset=\"https:\/\/www.sudoestehoje.com.br\/novoportal\/wp-content\/uploads\/2012\/06\/DSC07289-500x333.jpg 500w, https:\/\/www.sudoestehoje.com.br\/novoportal\/wp-content\/uploads\/2012\/06\/DSC07289-1024x682.jpg 1024w\" sizes=\"(max-width: 500px) 100vw, 500px\" \/><\/a><\/p>\n<p>ITAPETINGA: O vice-presidente estadual do PV, Edgar M\u00e3o Branca, pr\u00e9-candidato a prefeito na cidade de Vitoria da Conquista, participou ativamente, nesta ter\u00e7a-feira, da conven\u00e7\u00e3o municipal da coliga\u00e7\u00e3o &#8220;Itapetinga Unindo For\u00e7as &#8220;, dos partidos PV, PSDC e PTdoB. No seu pronunciamento, M\u00e3o Branca afirmou ter ficado feliz com essa uni\u00e3o partid\u00e1ria e se comprometeu a estar firme e sempre presente na campanha municipal em Itapetinga, para ajudar\u00a0 os candidatos a vereador dos partidos e o candidato a prefeito que for escolhido pela coliga\u00e7\u00e3o.<\/p>\n<p><em>Ascom PSDC\/PV\/PTdoB<\/em><\/p>\n","protected":false},"excerpt":{"rendered":"<p>&nbsp; ITAPETINGA: O vice-presidente estadual do PV, Edgar M\u00e3o Branca, pr\u00e9-candidato a prefeito na cidade de Vitoria da Conquista, participou ativamente, nesta ter\u00e7a-feira, da conven\u00e7\u00e3o municipal da coliga\u00e7\u00e3o &#8220;Itapetinga Unindo For\u00e7as &#8220;, dos partidos PV, PSDC e PTdoB. No seu pronunciamento, M\u00e3o Branca afirmou ter ficado feliz com essa uni\u00e3o partid\u00e1ria e se comprometeu a [&hellip;]<\/p>\n","protected":false},"author":2,"featured_media":0,"comment_status":"open","ping_status":"open","sticky":false,"template":"","format":"standard","meta":{"footnotes":"","_links_to":"","_links_to_target":""},"categories":[1],"tags":[],"class_list":["post-17380","post","type-post","status-publish","format-standard","hentry","category-geral"],"views":1156,"_links":{"self":[{"href":"https:\/\/www.sudoestehoje.com.br\/novoportal\/wp-json\/wp\/v2\/posts\/17380","targetHints":{"allow":["GET"]}}],"collection":[{"href":"https:\/\/www.sudoestehoje.com.br\/novoportal\/wp-json\/wp\/v2\/posts"}],"about":[{"href":"https:\/\/www.sudoestehoje.com.br\/novoportal\/wp-json\/wp\/v2\/types\/post"}],"author":[{"embeddable":true,"href":"https:\/\/www.sudoestehoje.com.br\/novoportal\/wp-json\/wp\/v2\/users\/2"}],"replies":[{"embeddable":true,"href":"https:\/\/www.sudoestehoje.com.br\/novoportal\/wp-json\/wp\/v2\/comments?post=17380"}],"version-history":[{"count":4,"href":"https:\/\/www.sudoestehoje.com.br\/novoportal\/wp-json\/wp\/v2\/posts\/17380\/revisions"}],"predecessor-version":[{"id":17384,"href":"https:\/\/www.sudoestehoje.com.br\/novoportal\/wp-json\/wp\/v2\/posts\/17380\/revisions\/17384"}],"wp:attachment":[{"href":"https:\/\/www.sudoestehoje.com.br\/novoportal\/wp-json\/wp\/v2\/media?parent=17380"}],"wp:term":[{"taxonomy":"category","embeddable":true,"href":"https:\/\/www.sudoestehoje.com.br\/novoportal\/wp-json\/wp\/v2\/categories?post=17380"},{"taxonomy":"post_tag","embeddable":true,"href":"https:\/\/www.sudoestehoje.com.br\/novoportal\/wp-json\/wp\/v2\/tags?post=17380"}],"curies":[{"name":"wp","href":"https:\/\/api.w.org\/{rel}","templated":true}]}}