
{"id":17359,"date":"2012-06-27T13:54:25","date_gmt":"2012-06-27T16:54:25","guid":{"rendered":"http:\/\/www.sudoestehoje.com.br\/novoportal\/?p=17359"},"modified":"2012-06-27T15:08:59","modified_gmt":"2012-06-27T18:08:59","slug":"justica-eleitoral-determina-arrombamento-do-ginasio-de-esportes-para-convencao-do-pr","status":"publish","type":"post","link":"https:\/\/www.sudoestehoje.com.br\/novoportal\/2012\/06\/27\/justica-eleitoral-determina-arrombamento-do-ginasio-de-esportes-para-convencao-do-pr\/","title":{"rendered":"JUSTI\u00c7A ELEITORAL DETERMINA ARROMBAMENTO DO GIN\u00c1SIO DE ESPORTES PARA CONVEN\u00c7\u00c3O DO PR"},"content":{"rendered":"<p><img decoding=\"async\" class=\"alignleft\" src=\"http:\/\/www.blogdojorgearagao.com.br\/wp-content\/uploads\/2012\/06\/Justi%C3%A7a-eleitoral.jpg\" alt=\"\" \/>ITAPETINGA: Diante da negativa do prefeito municipal em ceder as depend\u00eancias do Gin\u00e1sio de Esportes para a realiza\u00e7\u00e3o da Conven\u00e7\u00e3o Municipal da coliga\u00e7\u00e3o PR\/DEM, marcada para esta sexta-feira, os partidos de oposi\u00e7\u00e3o ingressaram na Justi\u00e7a Eleitoral com um pedido de liminar, que foi deferido na \u00edntegra pela ju\u00edza substituta Dra. Ivana Carvalho, determinando ao chefe do executivo a entrega imediata das chaves do gin\u00e1sio aos representantes do PR e democratas, sob as penas da lei.<\/p>\n<p>Na decis\u00e3o proferida pela Ju\u00edza Eleitoral, ficou tamb\u00e9m determinado que em caso do n\u00e3o cumprimento da liminar, seja efetuado o &#8216;arrombamento&#8217; das portas externas e internas do Gin\u00e1sio de Esportes, por dois oficiais de justi\u00e7a, acompanhados pela Pol\u00edcia Militar, estabelecendo tamb\u00e9m uma multa no valor de R$ 10 mil reais, em caso de recusa do prefeito em ceder o local para a conven\u00e7\u00e3o.<\/p>\n<p>A liminar da Justi\u00e7a Eleitoral tamb\u00e9m pro\u00edbe ao prefeito e seu partido de realizarem conven\u00e7\u00e3o partid\u00e1ria ou qualquer ato pol\u00edtico na mesma data, em \u00e1rea pr\u00f3xima ao Gin\u00e1sio de Esportes, durante a realiza\u00e7\u00e3o da conven\u00e7\u00e3o do PR e DEM.<\/p>\n<p>Esta foi a primeira de uma s\u00e9rie de derrotas jur\u00eddicas que o grupo do prefeito dever\u00e1 sofrer durante a campanha eleitoral que ora se inicia, pela sua insist\u00eancia em descumprir as leis. O prefeito Z\u00e9 Carlos precisa entender que n\u00e3o passa de um simples agente p\u00fablico e que os bens do munic\u00edpio n\u00e3o pertencem a ele nem ao seu grupo pol\u00edtico.<\/p>\n<p>CLIQUE NO LINK E VEJA A DECIS\u00c3O NA \u00cdNTEGRA:<\/p>\n<p><a href=\"http:\/\/www.sudoestehoje.com.br\/novoportal\/wp-content\/uploads\/2012\/06\/Attachments_2012_06_27.zip\">_LIMINAR 2012_06_27<\/a><\/p>\n<p><strong><em>Por Davi Ferraz<\/em><\/strong><\/p>\n","protected":false},"excerpt":{"rendered":"<p>ITAPETINGA: Diante da negativa do prefeito municipal em ceder as depend\u00eancias do Gin\u00e1sio de Esportes para a realiza\u00e7\u00e3o da Conven\u00e7\u00e3o Municipal da coliga\u00e7\u00e3o PR\/DEM, marcada para esta sexta-feira, os partidos de oposi\u00e7\u00e3o ingressaram na Justi\u00e7a Eleitoral com um pedido de liminar, que foi deferido na \u00edntegra pela ju\u00edza substituta Dra. Ivana Carvalho, determinando ao chefe [&hellip;]<\/p>\n","protected":false},"author":2,"featured_media":0,"comment_status":"open","ping_status":"open","sticky":false,"template":"","format":"standard","meta":{"footnotes":"","_links_to":"","_links_to_target":""},"categories":[1],"tags":[],"class_list":["post-17359","post","type-post","status-publish","format-standard","hentry","category-geral"],"views":1201,"_links":{"self":[{"href":"https:\/\/www.sudoestehoje.com.br\/novoportal\/wp-json\/wp\/v2\/posts\/17359","targetHints":{"allow":["GET"]}}],"collection":[{"href":"https:\/\/www.sudoestehoje.com.br\/novoportal\/wp-json\/wp\/v2\/posts"}],"about":[{"href":"https:\/\/www.sudoestehoje.com.br\/novoportal\/wp-json\/wp\/v2\/types\/post"}],"author":[{"embeddable":true,"href":"https:\/\/www.sudoestehoje.com.br\/novoportal\/wp-json\/wp\/v2\/users\/2"}],"replies":[{"embeddable":true,"href":"https:\/\/www.sudoestehoje.com.br\/novoportal\/wp-json\/wp\/v2\/comments?post=17359"}],"version-history":[{"count":8,"href":"https:\/\/www.sudoestehoje.com.br\/novoportal\/wp-json\/wp\/v2\/posts\/17359\/revisions"}],"predecessor-version":[{"id":17362,"href":"https:\/\/www.sudoestehoje.com.br\/novoportal\/wp-json\/wp\/v2\/posts\/17359\/revisions\/17362"}],"wp:attachment":[{"href":"https:\/\/www.sudoestehoje.com.br\/novoportal\/wp-json\/wp\/v2\/media?parent=17359"}],"wp:term":[{"taxonomy":"category","embeddable":true,"href":"https:\/\/www.sudoestehoje.com.br\/novoportal\/wp-json\/wp\/v2\/categories?post=17359"},{"taxonomy":"post_tag","embeddable":true,"href":"https:\/\/www.sudoestehoje.com.br\/novoportal\/wp-json\/wp\/v2\/tags?post=17359"}],"curies":[{"name":"wp","href":"https:\/\/api.w.org\/{rel}","templated":true}]}}