
{"id":17352,"date":"2012-06-27T11:33:03","date_gmt":"2012-06-27T14:33:03","guid":{"rendered":"http:\/\/www.sudoestehoje.com.br\/novoportal\/?p=17352"},"modified":"2012-06-27T14:06:41","modified_gmt":"2012-06-27T17:06:41","slug":"major-sandro-assume-o-comando-da-pm-em-itapetinga","status":"publish","type":"post","link":"https:\/\/www.sudoestehoje.com.br\/novoportal\/2012\/06\/27\/major-sandro-assume-o-comando-da-pm-em-itapetinga\/","title":{"rendered":"MAJOR SANDRO ASSUME O COMANDO DA PM EM ITAPETINGA"},"content":{"rendered":"<p><img decoding=\"async\" class=\"aligncenter\" src=\"http:\/\/2.bp.blogspot.com\/-NXqHc2yWjEo\/T-pw273_n-I\/AAAAAAAANno\/_TmuceQaxVY\/s1600\/DSC02137.JPG\" alt=\"\" width=\"400\" \/><\/p>\n<p style=\"text-align: center;\"><em>Major Sandro de Ferreira Lopes, novo comandante da\u00a08\u00aa CIPM de Itapetinga<\/em><\/p>\n<p>&nbsp;<\/p>\n<p>ITAPETINGA: Aconteceu na tarde desta ter\u00e7a-feira (26), a transmiss\u00e3o\u00a0 de comando da 8\u00aa CIPM de Itapetinga. Na cerim\u00f4nia, estiveram presentes prefeitos da regi\u00e3o, secret\u00e1rios municipais, vereadores e populares, que foram receber o novo comandante da PM, Major Sandro de Ferreira Lopes.<\/p>\n<p>O Tenente Coronel Valci Serpa, que \u00a0assumiu na manh\u00e3 da \u00faltima quinta-feira (21) o Comando do 19\u00ba Batalh\u00e3o da Pol\u00edcia Militar sediado em Jequi\u00e9, esteve em Itapetinga para transmitir o comando ao major Sandro.<\/p>\n<p>Na ordem do dia da cerim\u00f4nia, foi lida uma mensagem do ex-comandante Serpa, que\u00a0 agradeceu aos seus ex-subordinados e \u00e0 sociedade itapetinguense, pelo apoio recebido durante sua administra\u00e7\u00e3o.\u00a0Foi uma cerim\u00f4nia bonita acompanhada de orquestra \u00a0e no final os\u00a0PM&#8217;s fizeram\u00a0desfile de honra ao novo comandante da PM em Itapetinga o Major Sandro de Ferreira Lopes.\u00a0O prefeito Municipal Jos\u00e9 Carlos Moura n\u00e3o prestigiou a solenidade. Informa\u00e7\u00f5es do Tribuna de Itapetinga<\/p>\n","protected":false},"excerpt":{"rendered":"<p>Major Sandro de Ferreira Lopes, novo comandante da\u00a08\u00aa CIPM de Itapetinga &nbsp; ITAPETINGA: Aconteceu na tarde desta ter\u00e7a-feira (26), a transmiss\u00e3o\u00a0 de comando da 8\u00aa CIPM de Itapetinga. Na cerim\u00f4nia, estiveram presentes prefeitos da regi\u00e3o, secret\u00e1rios municipais, vereadores e populares, que foram receber o novo comandante da PM, Major Sandro de Ferreira Lopes. O Tenente [&hellip;]<\/p>\n","protected":false},"author":2,"featured_media":0,"comment_status":"open","ping_status":"open","sticky":false,"template":"","format":"standard","meta":{"footnotes":"","_links_to":"","_links_to_target":""},"categories":[1],"tags":[],"class_list":["post-17352","post","type-post","status-publish","format-standard","hentry","category-geral"],"views":1334,"_links":{"self":[{"href":"https:\/\/www.sudoestehoje.com.br\/novoportal\/wp-json\/wp\/v2\/posts\/17352","targetHints":{"allow":["GET"]}}],"collection":[{"href":"https:\/\/www.sudoestehoje.com.br\/novoportal\/wp-json\/wp\/v2\/posts"}],"about":[{"href":"https:\/\/www.sudoestehoje.com.br\/novoportal\/wp-json\/wp\/v2\/types\/post"}],"author":[{"embeddable":true,"href":"https:\/\/www.sudoestehoje.com.br\/novoportal\/wp-json\/wp\/v2\/users\/2"}],"replies":[{"embeddable":true,"href":"https:\/\/www.sudoestehoje.com.br\/novoportal\/wp-json\/wp\/v2\/comments?post=17352"}],"version-history":[{"count":4,"href":"https:\/\/www.sudoestehoje.com.br\/novoportal\/wp-json\/wp\/v2\/posts\/17352\/revisions"}],"predecessor-version":[{"id":17355,"href":"https:\/\/www.sudoestehoje.com.br\/novoportal\/wp-json\/wp\/v2\/posts\/17352\/revisions\/17355"}],"wp:attachment":[{"href":"https:\/\/www.sudoestehoje.com.br\/novoportal\/wp-json\/wp\/v2\/media?parent=17352"}],"wp:term":[{"taxonomy":"category","embeddable":true,"href":"https:\/\/www.sudoestehoje.com.br\/novoportal\/wp-json\/wp\/v2\/categories?post=17352"},{"taxonomy":"post_tag","embeddable":true,"href":"https:\/\/www.sudoestehoje.com.br\/novoportal\/wp-json\/wp\/v2\/tags?post=17352"}],"curies":[{"name":"wp","href":"https:\/\/api.w.org\/{rel}","templated":true}]}}