
{"id":17344,"date":"2012-06-29T00:01:58","date_gmt":"2012-06-29T03:01:58","guid":{"rendered":"http:\/\/www.sudoestehoje.com.br\/novoportal\/?p=17344"},"modified":"2012-06-29T01:10:54","modified_gmt":"2012-06-29T04:10:54","slug":"pmdb-edital-de-convencao","status":"publish","type":"post","link":"https:\/\/www.sudoestehoje.com.br\/novoportal\/2012\/06\/29\/pmdb-edital-de-convencao\/","title":{"rendered":"PMDB &#8211; EDITAL DE CONVEN\u00c7\u00c3O"},"content":{"rendered":"<p style=\"text-align: center;\" align=\"center\"><img decoding=\"async\" src=\"http:\/\/www.eleicoeshoje.com.br\/wp-content\/uploads\/2012\/04\/979f65ab2758e8429d72ec50ac48a213.jpg\" alt=\"\" \/><\/p>\n<p style=\"text-align: center;\" align=\"center\">\n<p style=\"text-align: center;\" align=\"center\"><strong>PMDB &#8211; PARTIDO DO MOVIMENTO DEMOCR\u00c1TICO BRASILEIRO<\/strong><\/p>\n<p style=\"text-align: center;\" align=\"center\"><strong>COMISS\u00c3O PROVIS\u00d3RIA MUNICIPAL \u2013 ITAPETINGA &#8211; BAHIA<\/strong><\/p>\n<p>&nbsp;<\/p>\n<p style=\"text-align: center;\" align=\"center\"><strong>EDITAL DE CONVOCA\u00c7\u00c3O DE CONVEN\u00c7\u00c3O<\/strong><\/p>\n<p>&nbsp;<\/p>\n<p>O Presidente da Comiss\u00e3o Provis\u00f3ria do <em>PARTIDO DO MOVIMENTO DEMOCR\u00c1TICO BRASILEIRO \u2013 PMDB<\/em> torna p\u00fablico que, em obedi\u00eancia ao disposto no art. 26, do Estatuto Partid\u00e1rio, foi convocada para o dia 29 de junho de 2012, das 09:00 \u00e0s 17:00 horas, na C\u00e2mara de Vereadores a\u00a0<em>CONVEN\u00c7\u00c3O MUNICIPAL\u00a0<\/em>para escolha de candidatos \u00e0s elei\u00e7\u00f5es de 07 de outubro de 2012, com a seguinte ordem do dia:<\/p>\n<p>A)\u00a0\u00a0 Delibera\u00e7\u00e3o e autoriza\u00e7\u00e3o para formar coliga\u00e7\u00e3o(\u00f5es) com outros partidos;<\/p>\n<p>B)\u00a0\u00a0 Escolha dos candidatos a Prefeito e Vice-Prefeito;<\/p>\n<p>C)\u00a0\u00a0 Escolha dos candidatos para vereador;<\/p>\n<p>D)\u00a0\u00a0 Delibera\u00e7\u00e3o e autoriza\u00e7\u00e3o sobre as coliga\u00e7\u00f5es para as elei\u00e7\u00f5es proporcionais<\/p>\n<p>Cumprindo o disposto no art. 87, par\u00e1grafo 2\u00ba e seus incisos, ficam convocados para a Conven\u00e7\u00e3o Municipal:<\/p>\n<p>a)\u00a0\u00a0\u00a0\u00a0 Membros Da Comiss\u00e3o Provis\u00f3ria Municipal;<\/p>\n<p>b)\u00a0\u00a0\u00a0\u00a0 Parlamentares do Partido com domic\u00edlio eleitoral no Munic\u00edpio;<\/p>\n<p>c)\u00a0\u00a0\u00a0\u00a0 Delegados eleitos pelas Conven\u00e7\u00f5es Municipais ou Zonais;<\/p>\n<p>d)\u00a0\u00a0\u00a0 Membros do Diret\u00f3rio Estadual com domic\u00edlio no Munic\u00edpio.<\/p>\n<p>&nbsp;<\/p>\n<p style=\"text-align: center;\">Itapetinga-Bahia, 15 de junho de 2012<\/p>\n<p style=\"text-align: center;\">\n<p style=\"text-align: center;\">La\u00e9cio Alves\u00a0 Sobrinho<\/p>\n<p style=\"text-align: center;\">Presidente da Comiss\u00e3o Provis\u00f3ria do PMDB<\/p>\n<p>&nbsp;<\/p>\n<p>&nbsp;<\/p>\n","protected":false},"excerpt":{"rendered":"<p>PMDB &#8211; PARTIDO DO MOVIMENTO DEMOCR\u00c1TICO BRASILEIRO COMISS\u00c3O PROVIS\u00d3RIA MUNICIPAL \u2013 ITAPETINGA &#8211; BAHIA &nbsp; EDITAL DE CONVOCA\u00c7\u00c3O DE CONVEN\u00c7\u00c3O &nbsp; O Presidente da Comiss\u00e3o Provis\u00f3ria do PARTIDO DO MOVIMENTO DEMOCR\u00c1TICO BRASILEIRO \u2013 PMDB torna p\u00fablico que, em obedi\u00eancia ao disposto no art. 26, do Estatuto Partid\u00e1rio, foi convocada para o dia 29 de junho [&hellip;]<\/p>\n","protected":false},"author":2,"featured_media":0,"comment_status":"open","ping_status":"open","sticky":false,"template":"","format":"standard","meta":{"footnotes":"","_links_to":"","_links_to_target":""},"categories":[1],"tags":[],"class_list":["post-17344","post","type-post","status-publish","format-standard","hentry","category-geral"],"views":1525,"_links":{"self":[{"href":"https:\/\/www.sudoestehoje.com.br\/novoportal\/wp-json\/wp\/v2\/posts\/17344","targetHints":{"allow":["GET"]}}],"collection":[{"href":"https:\/\/www.sudoestehoje.com.br\/novoportal\/wp-json\/wp\/v2\/posts"}],"about":[{"href":"https:\/\/www.sudoestehoje.com.br\/novoportal\/wp-json\/wp\/v2\/types\/post"}],"author":[{"embeddable":true,"href":"https:\/\/www.sudoestehoje.com.br\/novoportal\/wp-json\/wp\/v2\/users\/2"}],"replies":[{"embeddable":true,"href":"https:\/\/www.sudoestehoje.com.br\/novoportal\/wp-json\/wp\/v2\/comments?post=17344"}],"version-history":[{"count":8,"href":"https:\/\/www.sudoestehoje.com.br\/novoportal\/wp-json\/wp\/v2\/posts\/17344\/revisions"}],"predecessor-version":[{"id":17434,"href":"https:\/\/www.sudoestehoje.com.br\/novoportal\/wp-json\/wp\/v2\/posts\/17344\/revisions\/17434"}],"wp:attachment":[{"href":"https:\/\/www.sudoestehoje.com.br\/novoportal\/wp-json\/wp\/v2\/media?parent=17344"}],"wp:term":[{"taxonomy":"category","embeddable":true,"href":"https:\/\/www.sudoestehoje.com.br\/novoportal\/wp-json\/wp\/v2\/categories?post=17344"},{"taxonomy":"post_tag","embeddable":true,"href":"https:\/\/www.sudoestehoje.com.br\/novoportal\/wp-json\/wp\/v2\/tags?post=17344"}],"curies":[{"name":"wp","href":"https:\/\/api.w.org\/{rel}","templated":true}]}}