
{"id":17337,"date":"2012-06-27T06:50:23","date_gmt":"2012-06-27T09:50:23","guid":{"rendered":"http:\/\/www.sudoestehoje.com.br\/novoportal\/?p=17337"},"modified":"2012-06-27T09:00:18","modified_gmt":"2012-06-27T12:00:18","slug":"pr-e-dem-recebem-apoios-e-podem-formar-uma-frente-de-oposicao","status":"publish","type":"post","link":"https:\/\/www.sudoestehoje.com.br\/novoportal\/2012\/06\/27\/pr-e-dem-recebem-apoios-e-podem-formar-uma-frente-de-oposicao\/","title":{"rendered":"PR E DEM RECEBEM APOIOS E PODEM FORMAR UMA \u201cFRENTE DE OPOSI\u00c7\u00c3O&#8221;"},"content":{"rendered":"<p style=\"text-align: center;\"><a href=\"http:\/\/www.sudoestehoje.com.br\/novoportal\/wp-content\/uploads\/2012\/06\/DSC00081.jpg\"><img decoding=\"async\" class=\"aligncenter  wp-image-17338\" title=\"DSC00081\" src=\"http:\/\/www.sudoestehoje.com.br\/novoportal\/wp-content\/uploads\/2012\/06\/DSC00081-500x375.jpg\" alt=\"\" width=\"400\" srcset=\"https:\/\/www.sudoestehoje.com.br\/novoportal\/wp-content\/uploads\/2012\/06\/DSC00081-500x375.jpg 500w, https:\/\/www.sudoestehoje.com.br\/novoportal\/wp-content\/uploads\/2012\/06\/DSC00081-1024x768.jpg 1024w\" sizes=\"(max-width: 500px) 100vw, 500px\" \/><\/a><\/p>\n<p>&nbsp;<\/p>\n<p>ITAPETINGA: Com a chapa majorit\u00e1ria j\u00e1 arrumada, com pr\u00e9-candidatos a prefeito e vice j\u00e1 definidos, a coliga\u00e7\u00e3o PR, DEM, PP e PTB parte para a sua conven\u00e7\u00e3o conjunta na sexta-feira \u00e0 tarde no Gin\u00e1sio de Esportes com a expectativa de receber novos aliados at\u00e9 a data da conven\u00e7\u00e3o.<\/p>\n<p>O pr\u00e9-candidato a prefeito pelo PR, Dr. Arnaldo Texeira e o pr\u00e9 a vice, do DEM, Geraldo Trindade acreditam que cerca de nove partidos, no final, dever\u00e3o compor a frente de oposi\u00e7\u00e3o que enfrentar\u00e1 o atual prefeito nas urnas em 7 de outubro pr\u00f3ximo.<\/p>\n<p>Juntos, o PR, DEM, PP e PTB, que j\u00e1 compuseram as coliga\u00e7\u00f5es tamb\u00e9m na proporcional, dever\u00e3o homologar a candidatura de 27 a 30 pleiteantes a uma vaga na C\u00e2mara de Vereadores, dentre eles figurando candidatos j\u00e1 com mandatos, como a vereadora Naara Duarte e Fabiano Bahia(DEM) e outros estreantes num pleito eleitoral, por\u00e9m j\u00e1 com experi\u00eancia pol\u00edtica e comunit\u00e1ria.<\/p>\n<p>Harmonizado com as participa\u00e7\u00f5es de cada partido no processo eleitoral, PR, DEM, PP e PTB \u00a0j\u00e1 se encarregam de esbo\u00e7ar\u00a0 seu projeto de governo ouvindo tamb\u00e9m lideran\u00e7as de diversos segmentos da sociedade itapetinguense, al\u00e9m das contribui\u00e7\u00f5es dos novos partidos que j\u00e1 sinalizaram por uma alian\u00e7a.<\/p>\n<p>Enfim, enquanto o PMDB e o PT lutam para definir seus candidatos a vice e se debatem em acordos ou desacordos quanto \u00e0s coliga\u00e7\u00f5es para elei\u00e7\u00e3o de vereador, PR e DEM seguem firmes na frente em termos de organiza\u00e7\u00e3o e estrutura\u00e7\u00e3o de sua campanha e convidam seus filiados para a conven\u00e7\u00e3o conjunta com PP e PTB na sexta, das 13 \u00e0s 19h no Gin\u00e1sio de Esportes.<\/p>\n<p><strong><em>Ascom PR\/DEM<\/em><\/strong><\/p>\n","protected":false},"excerpt":{"rendered":"<p>&nbsp; ITAPETINGA: Com a chapa majorit\u00e1ria j\u00e1 arrumada, com pr\u00e9-candidatos a prefeito e vice j\u00e1 definidos, a coliga\u00e7\u00e3o PR, DEM, PP e PTB parte para a sua conven\u00e7\u00e3o conjunta na sexta-feira \u00e0 tarde no Gin\u00e1sio de Esportes com a expectativa de receber novos aliados at\u00e9 a data da conven\u00e7\u00e3o. O pr\u00e9-candidato a prefeito pelo PR, [&hellip;]<\/p>\n","protected":false},"author":2,"featured_media":0,"comment_status":"open","ping_status":"open","sticky":false,"template":"","format":"standard","meta":{"footnotes":"","_links_to":"","_links_to_target":""},"categories":[1],"tags":[],"class_list":["post-17337","post","type-post","status-publish","format-standard","hentry","category-geral"],"views":1181,"_links":{"self":[{"href":"https:\/\/www.sudoestehoje.com.br\/novoportal\/wp-json\/wp\/v2\/posts\/17337","targetHints":{"allow":["GET"]}}],"collection":[{"href":"https:\/\/www.sudoestehoje.com.br\/novoportal\/wp-json\/wp\/v2\/posts"}],"about":[{"href":"https:\/\/www.sudoestehoje.com.br\/novoportal\/wp-json\/wp\/v2\/types\/post"}],"author":[{"embeddable":true,"href":"https:\/\/www.sudoestehoje.com.br\/novoportal\/wp-json\/wp\/v2\/users\/2"}],"replies":[{"embeddable":true,"href":"https:\/\/www.sudoestehoje.com.br\/novoportal\/wp-json\/wp\/v2\/comments?post=17337"}],"version-history":[{"count":5,"href":"https:\/\/www.sudoestehoje.com.br\/novoportal\/wp-json\/wp\/v2\/posts\/17337\/revisions"}],"predecessor-version":[{"id":17343,"href":"https:\/\/www.sudoestehoje.com.br\/novoportal\/wp-json\/wp\/v2\/posts\/17337\/revisions\/17343"}],"wp:attachment":[{"href":"https:\/\/www.sudoestehoje.com.br\/novoportal\/wp-json\/wp\/v2\/media?parent=17337"}],"wp:term":[{"taxonomy":"category","embeddable":true,"href":"https:\/\/www.sudoestehoje.com.br\/novoportal\/wp-json\/wp\/v2\/categories?post=17337"},{"taxonomy":"post_tag","embeddable":true,"href":"https:\/\/www.sudoestehoje.com.br\/novoportal\/wp-json\/wp\/v2\/tags?post=17337"}],"curies":[{"name":"wp","href":"https:\/\/api.w.org\/{rel}","templated":true}]}}