
{"id":17329,"date":"2012-06-27T08:22:38","date_gmt":"2012-06-27T11:22:38","guid":{"rendered":"http:\/\/www.sudoestehoje.com.br\/novoportal\/?p=17329"},"modified":"2012-06-27T08:24:20","modified_gmt":"2012-06-27T11:24:20","slug":"pmdb-faz-convencao-nesta-sexta","status":"publish","type":"post","link":"https:\/\/www.sudoestehoje.com.br\/novoportal\/2012\/06\/27\/pmdb-faz-convencao-nesta-sexta\/","title":{"rendered":"PMDB FAZ CONVEN\u00c7\u00c3O NESTA SEXTA"},"content":{"rendered":"<p><img decoding=\"async\" class=\"aligncenter\" src=\"http:\/\/3.bp.blogspot.com\/-Glai3VuM-kE\/TgzIRqEq7fI\/AAAAAAAAByA\/_qittPMNWmg\/s200\/100_9709.jpg\" alt=\"katia 2012\" width=\"400\" \/><\/p>\n<p style=\"text-align: center;\"><em>K\u00e1tia Espinheira vai \u00e0 conven\u00e7\u00e3o com o apoio irrestrito de Michel Hagge<\/em><\/p>\n<p>&nbsp;<\/p>\n<p>ITAPETINGA: Com a pr\u00e9-candidatura de K\u00e1tia Espinheira definida, os peemedebistas de Itapetinga partem para a conven\u00e7\u00e3o nesta sexta-feira (29), na certeza de que far\u00e3o uma grande festa partid\u00e1ria no audit\u00f3rio da C\u00e2mara Municipal, que dever\u00e1 ficar pequeno para a quantidade de pessoas esperada.<\/p>\n<p>A nossa reportagem conversou com a pr\u00e9-candidata K\u00e1tia Espinheira, que revelou estar otimista e satisfeita como o crescimento do seu nome junto ao eleitorado e espera partir para a campanha com muita for\u00e7a e determina\u00e7\u00e3o. K\u00e1tia revelou, ainda, que vem recebendo apoios de setores importantes da sociedade e que a c\u00fapula do PMDB n\u00e3o medir\u00e1 esfor\u00e7os para garantir que a sua candidatura seja vitoriosa.<\/p>\n<p>Quanto ao vice da chapa, a pr\u00e9-candidata informou que est\u00e1 conversando com as lideran\u00e7as do PCdoB e PSB, e que at\u00e9 o dia da conven\u00e7\u00e3o o nome do candidato a vice-prefeito da coliga\u00e7\u00e3o ser\u00e1 anunciado.<\/p>\n<p>A conven\u00e7\u00e3o dos &#8216;gabirabas&#8217; ter\u00e1 in\u00edcio \u00e0s 09h da manh\u00e3 desta sexta e encerrar\u00e1 \u00e0s 17h.<\/p>\n<p><strong><em>Da Reda\u00e7\u00e3o<\/em><\/strong><\/p>\n<p>&nbsp;<\/p>\n","protected":false},"excerpt":{"rendered":"<p>K\u00e1tia Espinheira vai \u00e0 conven\u00e7\u00e3o com o apoio irrestrito de Michel Hagge &nbsp; ITAPETINGA: Com a pr\u00e9-candidatura de K\u00e1tia Espinheira definida, os peemedebistas de Itapetinga partem para a conven\u00e7\u00e3o nesta sexta-feira (29), na certeza de que far\u00e3o uma grande festa partid\u00e1ria no audit\u00f3rio da C\u00e2mara Municipal, que dever\u00e1 ficar pequeno para a quantidade de pessoas [&hellip;]<\/p>\n","protected":false},"author":2,"featured_media":0,"comment_status":"open","ping_status":"open","sticky":false,"template":"","format":"standard","meta":{"footnotes":"","_links_to":"","_links_to_target":""},"categories":[1],"tags":[],"class_list":["post-17329","post","type-post","status-publish","format-standard","hentry","category-geral"],"views":1312,"_links":{"self":[{"href":"https:\/\/www.sudoestehoje.com.br\/novoportal\/wp-json\/wp\/v2\/posts\/17329","targetHints":{"allow":["GET"]}}],"collection":[{"href":"https:\/\/www.sudoestehoje.com.br\/novoportal\/wp-json\/wp\/v2\/posts"}],"about":[{"href":"https:\/\/www.sudoestehoje.com.br\/novoportal\/wp-json\/wp\/v2\/types\/post"}],"author":[{"embeddable":true,"href":"https:\/\/www.sudoestehoje.com.br\/novoportal\/wp-json\/wp\/v2\/users\/2"}],"replies":[{"embeddable":true,"href":"https:\/\/www.sudoestehoje.com.br\/novoportal\/wp-json\/wp\/v2\/comments?post=17329"}],"version-history":[{"count":3,"href":"https:\/\/www.sudoestehoje.com.br\/novoportal\/wp-json\/wp\/v2\/posts\/17329\/revisions"}],"predecessor-version":[{"id":17331,"href":"https:\/\/www.sudoestehoje.com.br\/novoportal\/wp-json\/wp\/v2\/posts\/17329\/revisions\/17331"}],"wp:attachment":[{"href":"https:\/\/www.sudoestehoje.com.br\/novoportal\/wp-json\/wp\/v2\/media?parent=17329"}],"wp:term":[{"taxonomy":"category","embeddable":true,"href":"https:\/\/www.sudoestehoje.com.br\/novoportal\/wp-json\/wp\/v2\/categories?post=17329"},{"taxonomy":"post_tag","embeddable":true,"href":"https:\/\/www.sudoestehoje.com.br\/novoportal\/wp-json\/wp\/v2\/tags?post=17329"}],"curies":[{"name":"wp","href":"https:\/\/api.w.org\/{rel}","templated":true}]}}