
{"id":17301,"date":"2012-06-26T00:01:24","date_gmt":"2012-06-26T03:01:24","guid":{"rendered":"http:\/\/www.sudoestehoje.com.br\/novoportal\/?p=17301"},"modified":"2012-06-26T00:01:24","modified_gmt":"2012-06-26T03:01:24","slug":"cicero-alencar-vai-assumir-fazenda-no-lugar-de-zenobio","status":"publish","type":"post","link":"https:\/\/www.sudoestehoje.com.br\/novoportal\/2012\/06\/26\/cicero-alencar-vai-assumir-fazenda-no-lugar-de-zenobio\/","title":{"rendered":"C\u00cdCERO ALENCAR VAI ASSUMIR FAZENDA NO LUGAR DE ZEN\u00d3BIO"},"content":{"rendered":"<p><img decoding=\"async\" class=\"aligncenter\" src=\"http:\/\/www.bocaonews.com.br\/ckfinder\/userfiles\/images\/Deputados%20federais\/Rosemberg_Cicero_Alencar.jpg\" alt=\"\" width=\"300\" \/><\/p>\n<p style=\"text-align: center;\"><em>Sai Zen\u00f3bio e entra C\u00edcero Alencar, ex-Banco Econ\u00f4mico\u00a0<\/em><\/p>\n<p>&nbsp;<\/p>\n<p>ITAPETINGA: Como j\u00e1 hav\u00edamos previsto anteriormente, o ex-prefeito de Itarantim, C\u00edcero Alencar, deve assumir a qualquer momento a secretaria municipal da fazenda, no lugar de Zen\u00f3bio Cruz Cirqueira, irm\u00e3o do prefeito Z\u00e9 Carlos.<\/p>\n<p>A verdadeira raz\u00e3o do afastamento de Zen\u00f3bio \u00e9 a rejei\u00e7\u00e3o constatada nas pesquisas do PT, que o considera como fator principal do desgaste de Z\u00e9 Carlos junto ao eleitorado, mas a justificativa oficial ser\u00e1 de que Zen\u00f3bio ser\u00e1 submetido a tratamento de sa\u00fade, por determina\u00e7\u00e3o m\u00e9dica.\u00a0Com a sa\u00edda de Zen\u00f3bio e um &#8216;chega- pra-l\u00e1&#8217; de araque em Israel Miranda &amp; associados, Z\u00e9 Carlos espera limpar a barra com os petistas hist\u00f3ricos, que tamb\u00e9m podem voltar a ocupar alguns postos no governo, &#8216;pacificando&#8217; a legenda.<\/p>\n<p>Toda a articula\u00e7\u00e3o para reunificar o PT, cuja condi\u00e7\u00e3o era a sa\u00edda de Zen\u00f3bio e Israel Miranda, ficou a cargo do deputado estadual Rosemberg Pinto, que comemorou o acordo no Forr\u00f3 da Vaca L\u00f4ca, ao lado do ex-presidente da Petrobr\u00e1s e atual secret\u00e1rio estadual do planejamento, S\u00e9rgio Gabrielli.<\/p>\n<p>C\u00edcero Alencar \u00e9 irm\u00e3o do vice-governador Otto Alencar, com quem espera contar para ressuscitar a administra\u00e7\u00e3o de Z\u00e9 Carlos, extremamente desgastada e rumo a uma inevit\u00e1vel derrota eleitoral.\u00a0C\u00edcero vai ter que fazer muito mais do que fez em Itarantim, quando foi prefeito por l\u00e1, sem deixar saudades.<\/p>\n<p><strong><em>Por Davi Ferraz\u00a0<\/em><\/strong><\/p>\n","protected":false},"excerpt":{"rendered":"<p>Sai Zen\u00f3bio e entra C\u00edcero Alencar, ex-Banco Econ\u00f4mico\u00a0 &nbsp; ITAPETINGA: Como j\u00e1 hav\u00edamos previsto anteriormente, o ex-prefeito de Itarantim, C\u00edcero Alencar, deve assumir a qualquer momento a secretaria municipal da fazenda, no lugar de Zen\u00f3bio Cruz Cirqueira, irm\u00e3o do prefeito Z\u00e9 Carlos. A verdadeira raz\u00e3o do afastamento de Zen\u00f3bio \u00e9 a rejei\u00e7\u00e3o constatada nas pesquisas [&hellip;]<\/p>\n","protected":false},"author":2,"featured_media":0,"comment_status":"open","ping_status":"open","sticky":false,"template":"","format":"standard","meta":{"footnotes":"","_links_to":"","_links_to_target":""},"categories":[1],"tags":[],"class_list":["post-17301","post","type-post","status-publish","format-standard","hentry","category-geral"],"views":1406,"_links":{"self":[{"href":"https:\/\/www.sudoestehoje.com.br\/novoportal\/wp-json\/wp\/v2\/posts\/17301","targetHints":{"allow":["GET"]}}],"collection":[{"href":"https:\/\/www.sudoestehoje.com.br\/novoportal\/wp-json\/wp\/v2\/posts"}],"about":[{"href":"https:\/\/www.sudoestehoje.com.br\/novoportal\/wp-json\/wp\/v2\/types\/post"}],"author":[{"embeddable":true,"href":"https:\/\/www.sudoestehoje.com.br\/novoportal\/wp-json\/wp\/v2\/users\/2"}],"replies":[{"embeddable":true,"href":"https:\/\/www.sudoestehoje.com.br\/novoportal\/wp-json\/wp\/v2\/comments?post=17301"}],"version-history":[{"count":2,"href":"https:\/\/www.sudoestehoje.com.br\/novoportal\/wp-json\/wp\/v2\/posts\/17301\/revisions"}],"predecessor-version":[{"id":17303,"href":"https:\/\/www.sudoestehoje.com.br\/novoportal\/wp-json\/wp\/v2\/posts\/17301\/revisions\/17303"}],"wp:attachment":[{"href":"https:\/\/www.sudoestehoje.com.br\/novoportal\/wp-json\/wp\/v2\/media?parent=17301"}],"wp:term":[{"taxonomy":"category","embeddable":true,"href":"https:\/\/www.sudoestehoje.com.br\/novoportal\/wp-json\/wp\/v2\/categories?post=17301"},{"taxonomy":"post_tag","embeddable":true,"href":"https:\/\/www.sudoestehoje.com.br\/novoportal\/wp-json\/wp\/v2\/tags?post=17301"}],"curies":[{"name":"wp","href":"https:\/\/api.w.org\/{rel}","templated":true}]}}