
{"id":17291,"date":"2012-06-25T22:21:11","date_gmt":"2012-06-26T01:21:11","guid":{"rendered":"http:\/\/www.sudoestehoje.com.br\/novoportal\/?p=17291"},"modified":"2012-06-26T00:10:34","modified_gmt":"2012-06-26T03:10:34","slug":"quem-sera-o-vice-de-ze-carlos-3","status":"publish","type":"post","link":"https:\/\/www.sudoestehoje.com.br\/novoportal\/2012\/06\/25\/quem-sera-o-vice-de-ze-carlos-3\/","title":{"rendered":"QUE ZORRA \u00c9 ESTA?"},"content":{"rendered":"<p>Uma faixa publicit\u00e1ria da Prefeitura de Itapetinga vem chamando \u00e0 aten\u00e7\u00e3o e causando indigna\u00e7\u00e3o aos moradores da rua Ot\u00e1vio Rolim e adjacentes, no centro de Itapetinga, e merece uma explica\u00e7\u00e3o por parte do prefeito Z\u00e9 Carlos e assessores. A faixa faz alus\u00e3o a uma suposta reforma na escadaria que liga a pra\u00e7a da Igreja cat\u00f3lica \u00e0 rua Ot\u00e1vio Rolim, mas chama \u00e0 aten\u00e7\u00e3o por um \u00fanico e fundamental detalhe: a escadaria continua totalmente depredada, sem nenhum sinal de reforma. Est\u00e3o querendo nos fazer de bestas? Quanto foi gasto na &#8216;obra&#8217;?<\/p>\n<p><a href=\"http:\/\/www.sudoestehoje.com.br\/novoportal\/wp-content\/uploads\/2012\/06\/DSC03824-1.jpg\"><img loading=\"lazy\" decoding=\"async\" class=\"aligncenter size-medium wp-image-17292\" title=\"DSC03824 (1)\" src=\"http:\/\/www.sudoestehoje.com.br\/novoportal\/wp-content\/uploads\/2012\/06\/DSC03824-1-500x375.jpg\" alt=\"\" width=\"500\" height=\"375\" srcset=\"https:\/\/www.sudoestehoje.com.br\/novoportal\/wp-content\/uploads\/2012\/06\/DSC03824-1-500x375.jpg 500w, https:\/\/www.sudoestehoje.com.br\/novoportal\/wp-content\/uploads\/2012\/06\/DSC03824-1-1024x768.jpg 1024w\" sizes=\"auto, (max-width: 500px) 100vw, 500px\" \/><\/a><\/p>\n<p style=\"text-align: center;\"><em>A PROPAGANDA ENGANOSA<\/em><\/p>\n<p><a href=\"http:\/\/www.sudoestehoje.com.br\/novoportal\/wp-content\/uploads\/2012\/06\/DSC03818.jpg\"><img loading=\"lazy\" decoding=\"async\" class=\"aligncenter size-medium wp-image-17293\" title=\"DSC03818\" src=\"http:\/\/www.sudoestehoje.com.br\/novoportal\/wp-content\/uploads\/2012\/06\/DSC03818-500x375.jpg\" alt=\"\" width=\"500\" height=\"375\" srcset=\"https:\/\/www.sudoestehoje.com.br\/novoportal\/wp-content\/uploads\/2012\/06\/DSC03818-500x375.jpg 500w, https:\/\/www.sudoestehoje.com.br\/novoportal\/wp-content\/uploads\/2012\/06\/DSC03818-1024x768.jpg 1024w\" sizes=\"auto, (max-width: 500px) 100vw, 500px\" \/><\/a><\/p>\n<p style=\"text-align: center;\"><em>A OBRA N\u00c3O REALIZADA<\/em><\/p>\n","protected":false},"excerpt":{"rendered":"<p>Uma faixa publicit\u00e1ria da Prefeitura de Itapetinga vem chamando \u00e0 aten\u00e7\u00e3o e causando indigna\u00e7\u00e3o aos moradores da rua Ot\u00e1vio Rolim e adjacentes, no centro de Itapetinga, e merece uma explica\u00e7\u00e3o por parte do prefeito Z\u00e9 Carlos e assessores. A faixa faz alus\u00e3o a uma suposta reforma na escadaria que liga a pra\u00e7a da Igreja cat\u00f3lica [&hellip;]<\/p>\n","protected":false},"author":2,"featured_media":0,"comment_status":"open","ping_status":"open","sticky":false,"template":"","format":"standard","meta":{"footnotes":"","_links_to":"","_links_to_target":""},"categories":[1],"tags":[],"class_list":["post-17291","post","type-post","status-publish","format-standard","hentry","category-geral"],"views":1360,"_links":{"self":[{"href":"https:\/\/www.sudoestehoje.com.br\/novoportal\/wp-json\/wp\/v2\/posts\/17291","targetHints":{"allow":["GET"]}}],"collection":[{"href":"https:\/\/www.sudoestehoje.com.br\/novoportal\/wp-json\/wp\/v2\/posts"}],"about":[{"href":"https:\/\/www.sudoestehoje.com.br\/novoportal\/wp-json\/wp\/v2\/types\/post"}],"author":[{"embeddable":true,"href":"https:\/\/www.sudoestehoje.com.br\/novoportal\/wp-json\/wp\/v2\/users\/2"}],"replies":[{"embeddable":true,"href":"https:\/\/www.sudoestehoje.com.br\/novoportal\/wp-json\/wp\/v2\/comments?post=17291"}],"version-history":[{"count":8,"href":"https:\/\/www.sudoestehoje.com.br\/novoportal\/wp-json\/wp\/v2\/posts\/17291\/revisions"}],"predecessor-version":[{"id":17299,"href":"https:\/\/www.sudoestehoje.com.br\/novoportal\/wp-json\/wp\/v2\/posts\/17291\/revisions\/17299"}],"wp:attachment":[{"href":"https:\/\/www.sudoestehoje.com.br\/novoportal\/wp-json\/wp\/v2\/media?parent=17291"}],"wp:term":[{"taxonomy":"category","embeddable":true,"href":"https:\/\/www.sudoestehoje.com.br\/novoportal\/wp-json\/wp\/v2\/categories?post=17291"},{"taxonomy":"post_tag","embeddable":true,"href":"https:\/\/www.sudoestehoje.com.br\/novoportal\/wp-json\/wp\/v2\/tags?post=17291"}],"curies":[{"name":"wp","href":"https:\/\/api.w.org\/{rel}","templated":true}]}}