
{"id":17285,"date":"2012-06-25T21:47:14","date_gmt":"2012-06-26T00:47:14","guid":{"rendered":"http:\/\/www.sudoestehoje.com.br\/novoportal\/?p=17285"},"modified":"2012-06-25T21:57:32","modified_gmt":"2012-06-26T00:57:32","slug":"quem-sera-o-vice-de-ze-carlos-2","status":"publish","type":"post","link":"https:\/\/www.sudoestehoje.com.br\/novoportal\/2012\/06\/25\/quem-sera-o-vice-de-ze-carlos-2\/","title":{"rendered":"QUEM SER\u00c1 O VICE DE Z\u00c9 CARLOS?"},"content":{"rendered":"<p style=\"text-align: center;\"><a href=\"http:\/\/www.sudoestehoje.com.br\/novoportal\/wp-content\/uploads\/2012\/06\/cc.jpg\"><img decoding=\"async\" class=\"aligncenter  wp-image-17286\" title=\"cc\" src=\"http:\/\/www.sudoestehoje.com.br\/novoportal\/wp-content\/uploads\/2012\/06\/cc.jpg\" alt=\"\" width=\"400\" srcset=\"https:\/\/www.sudoestehoje.com.br\/novoportal\/wp-content\/uploads\/2012\/06\/cc.jpg 404w, https:\/\/www.sudoestehoje.com.br\/novoportal\/wp-content\/uploads\/2012\/06\/cc-150x150.jpg 150w\" sizes=\"(max-width: 404px) 100vw, 404px\" \/><\/a><\/p>\n<p style=\"text-align: center;\"><em>Escolha do candidato a vice fica de novo para a \u00faltima hora<\/em><\/p>\n<p>ITAPETINGA: A apenas cinco dias do prazo final para realiza\u00e7\u00e3o das conven\u00e7\u00f5es partid\u00e1rias, uma d\u00favida ainda persiste nas hostes petistas em Itapetinga: quem ser\u00e1 o candidato a vice-prefeito na chapa oficial do prefeito Z\u00e9 Carlos? Embora v\u00e1rios nomes se apresentem para compor a chapa, h\u00e1 dificuldades na escolha, em virtude dos interesses que h\u00e1 por tr\u00e1s de cada um dos postulantes.<\/p>\n<p>Um dos nomes mais cogitados e de maior peso pol\u00edtico-eleitoral ainda \u00e9 o do vereador Alfredo Cabral (PSD), que sequer foi &#8216;consultado&#8217; pela c\u00fapula petista, segundo ele pr\u00f3prio. Alfredo n\u00e3o diz que sim, nem que n\u00e3o, mas a tend\u00eancia \u00e9 n\u00e3o aceitar o desafio, caso seja convidado, por n\u00e3o ter havido nenhuma discuss\u00e3o sobre as condi\u00e7\u00f5es em que o seu nome iria compor a chapa. H\u00e1 dificuldades de relacionamento e de ponto de vista administrativo entre Alfredo e os manda-chuvas da prefeitura, Zen\u00f3bio Cirqueira e Israel Miranda. Com Z\u00e9 Carlos, parece que ele mant\u00e9m um bom relacionamento, mas h\u00e1 d\u00favidas se ele aceita ou n\u00e3o o desafio.<\/p>\n<p>Outro nome que chegou a ser cogitado, tempos atr\u00e1s, \u00e9 o do ex-secret\u00e1rio da educa\u00e7\u00e3o Al\u00e9cio Chaves, que se afastou do cargo em abril, mas retornou ao governo para ocupar a fun\u00e7\u00e3o de Secret\u00e1rio de Governo, onde ainda permanece, o que o torna ineleg\u00edvel. H\u00e1 documento legal, com data de 12 de junho, em que Al\u00e9cio confirma estar no exerc\u00edcio do cargo de secret\u00e1rio no gabinete do prefeito, impedindo, assim a sua candidatura. Mesmo que n\u00e3o houvesse nenhum impedimento legal, o nome de Al\u00e9cio dificilmente emplacaria, por absoluta falta de votos e peso eleitoral. N\u00e3o somaria nada.<\/p>\n<p>Assim, segundo os analistas e politiqueiros locais, s\u00f3 resta a Z\u00e9 Carlos unir o &#8216;in\u00fatil ao desagrad\u00e1vel&#8217;, aceitando o candidato &#8216;romildista&#8217; Hild\u00e9rico Nogueira, conhecido pela alcunha de &#8216;Tiquinho&#8217;, que anda babando para ser o escolhido, embora n\u00e3o tenha votos, peso eleitoral, nem m\u00e9rito para ser o mescolhido. Se isto se consumar, Z\u00e9 Carlos estar\u00e1 dando um verdadeiro &#8216;tiro no p\u00e9&#8217; e assinando a sua capitula\u00e7\u00e3o ao que h\u00e1 de pior na pol\u00edtica local: Romildo Teixeira e seus 40 correligion\u00e1rios.<\/p>\n<p>As oposi\u00e7\u00f5es d\u00e3o o maior &#8216;apoio&#8217; para que isto aconte\u00e7a&#8230;<\/p>\n<p><strong><em>Por Davi Ferraz<\/em><\/strong><\/p>\n","protected":false},"excerpt":{"rendered":"<p>Escolha do candidato a vice fica de novo para a \u00faltima hora ITAPETINGA: A apenas cinco dias do prazo final para realiza\u00e7\u00e3o das conven\u00e7\u00f5es partid\u00e1rias, uma d\u00favida ainda persiste nas hostes petistas em Itapetinga: quem ser\u00e1 o candidato a vice-prefeito na chapa oficial do prefeito Z\u00e9 Carlos? Embora v\u00e1rios nomes se apresentem para compor a [&hellip;]<\/p>\n","protected":false},"author":2,"featured_media":0,"comment_status":"open","ping_status":"open","sticky":false,"template":"","format":"standard","meta":{"footnotes":"","_links_to":"","_links_to_target":""},"categories":[1],"tags":[],"class_list":["post-17285","post","type-post","status-publish","format-standard","hentry","category-geral"],"views":1255,"_links":{"self":[{"href":"https:\/\/www.sudoestehoje.com.br\/novoportal\/wp-json\/wp\/v2\/posts\/17285","targetHints":{"allow":["GET"]}}],"collection":[{"href":"https:\/\/www.sudoestehoje.com.br\/novoportal\/wp-json\/wp\/v2\/posts"}],"about":[{"href":"https:\/\/www.sudoestehoje.com.br\/novoportal\/wp-json\/wp\/v2\/types\/post"}],"author":[{"embeddable":true,"href":"https:\/\/www.sudoestehoje.com.br\/novoportal\/wp-json\/wp\/v2\/users\/2"}],"replies":[{"embeddable":true,"href":"https:\/\/www.sudoestehoje.com.br\/novoportal\/wp-json\/wp\/v2\/comments?post=17285"}],"version-history":[{"count":4,"href":"https:\/\/www.sudoestehoje.com.br\/novoportal\/wp-json\/wp\/v2\/posts\/17285\/revisions"}],"predecessor-version":[{"id":17288,"href":"https:\/\/www.sudoestehoje.com.br\/novoportal\/wp-json\/wp\/v2\/posts\/17285\/revisions\/17288"}],"wp:attachment":[{"href":"https:\/\/www.sudoestehoje.com.br\/novoportal\/wp-json\/wp\/v2\/media?parent=17285"}],"wp:term":[{"taxonomy":"category","embeddable":true,"href":"https:\/\/www.sudoestehoje.com.br\/novoportal\/wp-json\/wp\/v2\/categories?post=17285"},{"taxonomy":"post_tag","embeddable":true,"href":"https:\/\/www.sudoestehoje.com.br\/novoportal\/wp-json\/wp\/v2\/tags?post=17285"}],"curies":[{"name":"wp","href":"https:\/\/api.w.org\/{rel}","templated":true}]}}