
{"id":17279,"date":"2012-06-25T18:47:32","date_gmt":"2012-06-25T21:47:32","guid":{"rendered":"http:\/\/www.sudoestehoje.com.br\/novoportal\/?p=17279"},"modified":"2012-06-25T19:12:17","modified_gmt":"2012-06-25T22:12:17","slug":"gilvan-fiscal-e-cotado-para-vice-de-katia-espinheira","status":"publish","type":"post","link":"https:\/\/www.sudoestehoje.com.br\/novoportal\/2012\/06\/25\/gilvan-fiscal-e-cotado-para-vice-de-katia-espinheira\/","title":{"rendered":"GILVAN FISCAL \u00c9 COTADO PARA VICE DE K\u00c1TIA ESPINHEIRA"},"content":{"rendered":"<div id=\"attachment_17281\" style=\"width: 410px\" class=\"wp-caption aligncenter\"><a href=\"http:\/\/www.sudoestehoje.com.br\/novoportal\/wp-content\/uploads\/2012\/06\/100_5563.jpg\"><img decoding=\"async\" aria-describedby=\"caption-attachment-17281\" class=\" wp-image-17281 \" title=\"100_5563\" src=\"http:\/\/www.sudoestehoje.com.br\/novoportal\/wp-content\/uploads\/2012\/06\/100_5563-500x375.jpg\" alt=\"\" width=\"400\" srcset=\"https:\/\/www.sudoestehoje.com.br\/novoportal\/wp-content\/uploads\/2012\/06\/100_5563-500x375.jpg 500w, https:\/\/www.sudoestehoje.com.br\/novoportal\/wp-content\/uploads\/2012\/06\/100_5563-1024x768.jpg 1024w\" sizes=\"(max-width: 500px) 100vw, 500px\" \/><\/a><p id=\"caption-attachment-17281\" class=\"wp-caption-text\">Gilvan Oleg\u00e1rio (PSB), servidor da Secretaria Estadual da Fazenda, \u00e9 cogitado para ser o candidato a vice-prefeito, ao lado da pr\u00e9-candidata K\u00e1tia Espinheira (PMDB)<\/p><\/div>\n<p>&nbsp;<\/p>\n<p>ITAPETINGA: As articula\u00e7\u00f5es para escolha do candidato a vice-prefeito na coliga\u00e7\u00e3o encabe\u00e7ada pela peemedebista K\u00e1tia Espinheira (PMDB) est\u00e3o a todo vapor e podem ter um desfecho a qualquer momento. Com a decis\u00e3o do PCdoB em coligar-se com o PMDB e PSB, o nome natural para compor a chapa com K\u00e1tia sempre foi o do vereador Gilson de Jesus PCdoB, mas o partido decidiu manter a sua candidatura ao legislativo, em virtude do vereador ser o seu principal &#8220;puxador de votos&#8221;.<\/p>\n<p>Nas conversa\u00e7\u00f5es com o outro prov\u00e1vel aliado, o PSB, surgiu ent\u00e3o a op\u00e7\u00e3o do nome do ex-PCdoB e PT Jorge Pantera, que tamb\u00e9m foi colocado em discuss\u00e3o, mas parece que n\u00e3o se chegou a um consenso quanto \u00e0 viabilidade da sua candidatura a vice, e o martelo ainda n\u00e3o foi batido.<\/p>\n<p>Agora, no bojo das discuss\u00f5es, surge o nome do funcion\u00e1rio p\u00fablico Gilvan Oleg\u00e1rio, conhecido por &#8220;Gilvan Fiscal&#8221;, ex-petista hist\u00f3rico que abandonou a sigla governista por discordar das interfer\u00eancias na Executiva Estadual do PT nas decis\u00f5es do Diret\u00f3rio Municipal, o que resultou na sua sa\u00edda do PT para cria\u00e7\u00e3o do PSB no munic\u00edpio.<\/p>\n<p>Segundo fonte ligada ao PSB, o convite a Gilvan j\u00e1 teria sido formulado pela pr\u00f3pria K\u00e1tia Espinheira, mas por fidelidade e coer\u00eancia partid\u00e1ria Gilvan preferiu submeter o convite \u00e0 executiva do PSB, que dever\u00e1 discutir o assunto em reuni\u00e3o agendada para esta ter\u00e7a-feira. Entretanto, h\u00e1 quem afirme que a decis\u00e3o sobre o nome de Gilson de Jesus ainda n\u00e3o est\u00e1 fechada e que poder\u00e1 haver um revert\u00e9rio, caso o comunista venha a aceitar a candidatura.<\/p>\n<p>De uma forma ou de outra, as decis\u00f5es sobre coliga\u00e7\u00f5es t\u00eam que ser tomadas at\u00e9 o pr\u00f3ximo dia 30 de junho, data limite fixada pela lei eleitoral.<\/p>\n<p><strong><em>Por Davi Ferraz<\/em><\/strong><\/p>\n","protected":false},"excerpt":{"rendered":"<p>&nbsp; ITAPETINGA: As articula\u00e7\u00f5es para escolha do candidato a vice-prefeito na coliga\u00e7\u00e3o encabe\u00e7ada pela peemedebista K\u00e1tia Espinheira (PMDB) est\u00e3o a todo vapor e podem ter um desfecho a qualquer momento. Com a decis\u00e3o do PCdoB em coligar-se com o PMDB e PSB, o nome natural para compor a chapa com K\u00e1tia sempre foi o do [&hellip;]<\/p>\n","protected":false},"author":2,"featured_media":0,"comment_status":"open","ping_status":"open","sticky":false,"template":"","format":"standard","meta":{"footnotes":"","_links_to":"","_links_to_target":""},"categories":[1],"tags":[],"class_list":["post-17279","post","type-post","status-publish","format-standard","hentry","category-geral"],"views":1471,"_links":{"self":[{"href":"https:\/\/www.sudoestehoje.com.br\/novoportal\/wp-json\/wp\/v2\/posts\/17279","targetHints":{"allow":["GET"]}}],"collection":[{"href":"https:\/\/www.sudoestehoje.com.br\/novoportal\/wp-json\/wp\/v2\/posts"}],"about":[{"href":"https:\/\/www.sudoestehoje.com.br\/novoportal\/wp-json\/wp\/v2\/types\/post"}],"author":[{"embeddable":true,"href":"https:\/\/www.sudoestehoje.com.br\/novoportal\/wp-json\/wp\/v2\/users\/2"}],"replies":[{"embeddable":true,"href":"https:\/\/www.sudoestehoje.com.br\/novoportal\/wp-json\/wp\/v2\/comments?post=17279"}],"version-history":[{"count":3,"href":"https:\/\/www.sudoestehoje.com.br\/novoportal\/wp-json\/wp\/v2\/posts\/17279\/revisions"}],"predecessor-version":[{"id":17284,"href":"https:\/\/www.sudoestehoje.com.br\/novoportal\/wp-json\/wp\/v2\/posts\/17279\/revisions\/17284"}],"wp:attachment":[{"href":"https:\/\/www.sudoestehoje.com.br\/novoportal\/wp-json\/wp\/v2\/media?parent=17279"}],"wp:term":[{"taxonomy":"category","embeddable":true,"href":"https:\/\/www.sudoestehoje.com.br\/novoportal\/wp-json\/wp\/v2\/categories?post=17279"},{"taxonomy":"post_tag","embeddable":true,"href":"https:\/\/www.sudoestehoje.com.br\/novoportal\/wp-json\/wp\/v2\/tags?post=17279"}],"curies":[{"name":"wp","href":"https:\/\/api.w.org\/{rel}","templated":true}]}}