
{"id":17269,"date":"2012-06-25T09:04:08","date_gmt":"2012-06-25T12:04:08","guid":{"rendered":"http:\/\/www.sudoestehoje.com.br\/novoportal\/?p=17269"},"modified":"2012-06-25T09:04:08","modified_gmt":"2012-06-25T12:04:08","slug":"herzem-e-ticolo-formam-chapa-da-oposicao-em-conquista","status":"publish","type":"post","link":"https:\/\/www.sudoestehoje.com.br\/novoportal\/2012\/06\/25\/herzem-e-ticolo-formam-chapa-da-oposicao-em-conquista\/","title":{"rendered":"HERZEM E TICOL\u00d4 FORMAM CHAPA DA OPOSI\u00c7\u00c3O EM CONQUISTA"},"content":{"rendered":"<p><img decoding=\"async\" class=\"aligncenter\" src=\"http:\/\/www.blogdaresenhageral.com.br\/v1\/wp-content\/uploads\/Oposi%C3%A7%C3%A3o-na-Expo-4.jpg\" alt=\"\" width=\"400\" \/><\/p>\n<p style=\"text-align: center;\"><em>PMDB e PSDB fecharam acordo com Claudionor na vice de Herzem<\/em><\/p>\n<p>&nbsp;<\/p>\n<p>VIT\u00d3RIA DA CONQUISTA: As Elei\u00e7\u00f5es de 2012 mostram claramente maturidade pol\u00edtica nos partidos de oposi\u00e7\u00e3o em Vit\u00f3ria da Conquista. A meta de reunir for\u00e7as agrupadas em torno de uma \u00fanica candidatura vem sendo tentada h\u00e1 muitos anos. \u201cClaudionor Dutra na vice \u00e9 uma grande honra. Ele realizou a melhor Exposi\u00e7\u00e3o do Brasil. \u00a0O nosso projeto de governo, com certeza, ser\u00e1 apreciado pelo eleitorado \u00e1vido por mudan\u00e7a\u201d, disse Gusm\u00e3o. A Chapa depender\u00e1 da \u00a0homologada nas Conven\u00e7\u00f5es do PMDB e PSDB marcadas para o dia 30 de junho, \u00e0s 11 horas, na C\u00e2mara de Vereadores.<\/p>\n<p>Para a Elei\u00e7\u00e3o de 7 de outubro, a composi\u00e7\u00e3o da Chapa Herzem Gusm\u00e3o (Prefeito) e Claudionor Dutra (Vice), reunindo o PMDB e o PSDB, era tudo que almejava lideran\u00e7as pol\u00edticas do Estado da Bahia para outras cidades. \u00a0Al\u00e9m do PMDB e do PSDB, os candidatos citados, \u00a0ter\u00e3o apoio significativo do DEM, PRP e PMN.<\/p>\n<p>Todos esses partidos reunidos, a depender da quantidade de candidatos a prefeito, poder\u00e3o reunir tempo de mais ou menos 11 minutos no R\u00e1dio\/TV para a propaganda eleitoral gratuita do TRE. Esse \u00e9 o tempo ideal defendido por especialistas em propaganda eleitoral.<\/p>\n<p><em>Resenha Geral<\/em><\/p>\n","protected":false},"excerpt":{"rendered":"<p>PMDB e PSDB fecharam acordo com Claudionor na vice de Herzem &nbsp; VIT\u00d3RIA DA CONQUISTA: As Elei\u00e7\u00f5es de 2012 mostram claramente maturidade pol\u00edtica nos partidos de oposi\u00e7\u00e3o em Vit\u00f3ria da Conquista. A meta de reunir for\u00e7as agrupadas em torno de uma \u00fanica candidatura vem sendo tentada h\u00e1 muitos anos. \u201cClaudionor Dutra na vice \u00e9 uma [&hellip;]<\/p>\n","protected":false},"author":2,"featured_media":0,"comment_status":"open","ping_status":"open","sticky":false,"template":"","format":"standard","meta":{"footnotes":"","_links_to":"","_links_to_target":""},"categories":[1],"tags":[],"class_list":["post-17269","post","type-post","status-publish","format-standard","hentry","category-geral"],"views":1015,"_links":{"self":[{"href":"https:\/\/www.sudoestehoje.com.br\/novoportal\/wp-json\/wp\/v2\/posts\/17269","targetHints":{"allow":["GET"]}}],"collection":[{"href":"https:\/\/www.sudoestehoje.com.br\/novoportal\/wp-json\/wp\/v2\/posts"}],"about":[{"href":"https:\/\/www.sudoestehoje.com.br\/novoportal\/wp-json\/wp\/v2\/types\/post"}],"author":[{"embeddable":true,"href":"https:\/\/www.sudoestehoje.com.br\/novoportal\/wp-json\/wp\/v2\/users\/2"}],"replies":[{"embeddable":true,"href":"https:\/\/www.sudoestehoje.com.br\/novoportal\/wp-json\/wp\/v2\/comments?post=17269"}],"version-history":[{"count":1,"href":"https:\/\/www.sudoestehoje.com.br\/novoportal\/wp-json\/wp\/v2\/posts\/17269\/revisions"}],"predecessor-version":[{"id":17270,"href":"https:\/\/www.sudoestehoje.com.br\/novoportal\/wp-json\/wp\/v2\/posts\/17269\/revisions\/17270"}],"wp:attachment":[{"href":"https:\/\/www.sudoestehoje.com.br\/novoportal\/wp-json\/wp\/v2\/media?parent=17269"}],"wp:term":[{"taxonomy":"category","embeddable":true,"href":"https:\/\/www.sudoestehoje.com.br\/novoportal\/wp-json\/wp\/v2\/categories?post=17269"},{"taxonomy":"post_tag","embeddable":true,"href":"https:\/\/www.sudoestehoje.com.br\/novoportal\/wp-json\/wp\/v2\/tags?post=17269"}],"curies":[{"name":"wp","href":"https:\/\/api.w.org\/{rel}","templated":true}]}}