
{"id":17266,"date":"2012-06-24T19:21:27","date_gmt":"2012-06-24T22:21:27","guid":{"rendered":"http:\/\/www.sudoestehoje.com.br\/novoportal\/?p=17266"},"modified":"2012-06-24T19:21:27","modified_gmt":"2012-06-24T22:21:27","slug":"onda-de-protestos-aguarda-wagner-em-cachoeira","status":"publish","type":"post","link":"https:\/\/www.sudoestehoje.com.br\/novoportal\/2012\/06\/24\/onda-de-protestos-aguarda-wagner-em-cachoeira\/","title":{"rendered":"ONDA DE PROTESTOS AGUARDA WAGNER EM CACHOEIRA"},"content":{"rendered":"<p><img decoding=\"async\" class=\"aligncenter\" src=\"http:\/\/brasil247.com\/get_img?ImageWidth=651&amp;ImageId=139118\" alt=\"\" width=\"400\" \/><\/p>\n<p><strong><em>A Tarde<\/em><\/strong><\/p>\n<p>A amea\u00e7a de vaias e desgaste pol\u00edtico que sofreriam com as manifesta\u00e7\u00f5es de professores grevistas da rede p\u00fablica nesta segunda-feira, 25, quando a sede do governo ser\u00e1 transferida para o munic\u00edpio de Cachoeira, afugentou os candidatos governistas \u00e0 Prefeitura de Salvador, Nelson Pelegrino (PT) e Alice Portugal (PCdoB) do ritual anual.<\/p>\n<p>J\u00e1 o governador Jaques Wagner (PT) e todos os secret\u00e1rios de governo, incluindo Osvaldo Barreto, da Educa\u00e7\u00e3o, que participam das solenidades que iniciam \u00e0s 8h30 e finalizam por volta das 15h, dever\u00e3o ser os alvos dos protestos. O evento em Cachoeira funcionar\u00e1 como um pre\u00e2mbulo do que pode ocorrer no 2 de julho.\u00a0Embora o dirigente da APLB-Sindicato, Rui Oliveira, afirme que n\u00e3o h\u00e1 nenhuma articula\u00e7\u00e3o para manifesta\u00e7\u00e3o em Cachoeira, com lideran\u00e7as da categoria grevista no interior e que preferiram o anonimato, que professores de cidades do Rec\u00f4ncavo baiano se far\u00e3o presentes no 25 de junho com faixas e cartazes para cobrar do governo o reajuste de 22% a todos os docentes e a abertura das contas do Fundeb.<\/p>\n<p>\u201cTodo o comando de greve estar\u00e1 aqui (em Salvador) na segunda, temos reuni\u00e3o, inclusive. O que tem acontecido \u00e9 que onde o governador chega, no interior do Estado, tem problema. Mas \u00e9 coisa organizada por quem mora nesses locais\u201d, disse Rui, isentando de responsabilidade a APLB e completando que n\u00e3o h\u00e1 filial do sindicato em Cachoeira.<!--more--><\/p>\n<p><strong>Complicado<\/strong><\/p>\n<p><strong><\/strong>O deputado Nelson Pelegrino disse que participar\u00e1 de reuni\u00e3o em S\u00e3o Paulo, do diret\u00f3rio nacional do PT, que congrega os candidatos de capitais brasileiras na segunda-feira, evento que ele considera \u201cimportante\u201d. J\u00e1 a deputada Alice Portugal (PCdoB), que nunca faltou ao rito que se repete h\u00e1 cinco anos, afirmou que est\u00e1 complicado o deslocamento e deve ficar em Salvador\u201d para o processo de fechamento de chapa\u201d. \u201cMinha vontade \u00e9 ir, porque n\u00e3o perco um ano, mas est\u00e1 complicado\u201d, disse Portugal.<\/p>\n<p>At\u00e9 o senador Walter Pinheiro (PT), que tamb\u00e9m participa sempre do evento, disse que n\u00e3o poder\u00e1 ir em raz\u00e3o de vota\u00e7\u00e3o no Senado. Diferente da senadora L\u00eddice da Mata (PSB), que n\u00e3o pode deixar de ir: al\u00e9m de autora do projeto-de-lei que transfere a sede do governo anualmente para Cachoeira em 25 de junho, \u00e9 natural da cidade. Outras presen\u00e7as certas s\u00e3o a do vice-governador, Otto Alencar (PSD) e a do presidente da Assembleia Legislativa, Marcelo Nilo (PDT), e alguns deputados.\u00a0J\u00e1 no 2 de julho, uma semana depois, dificilmente os candidatos \u00e0 prefeitura deixar\u00e3o de participar. todos ter\u00e3o de dar as caras. E as manifesta\u00e7\u00f5es n\u00e3o devem se resumir \u00e0 dos professores da rede estadual.<\/p>\n","protected":false},"excerpt":{"rendered":"<p>A Tarde A amea\u00e7a de vaias e desgaste pol\u00edtico que sofreriam com as manifesta\u00e7\u00f5es de professores grevistas da rede p\u00fablica nesta segunda-feira, 25, quando a sede do governo ser\u00e1 transferida para o munic\u00edpio de Cachoeira, afugentou os candidatos governistas \u00e0 Prefeitura de Salvador, Nelson Pelegrino (PT) e Alice Portugal (PCdoB) do ritual anual. J\u00e1 o [&hellip;]<\/p>\n","protected":false},"author":2,"featured_media":0,"comment_status":"open","ping_status":"open","sticky":false,"template":"","format":"standard","meta":{"footnotes":"","_links_to":"","_links_to_target":""},"categories":[1],"tags":[],"class_list":["post-17266","post","type-post","status-publish","format-standard","hentry","category-geral"],"views":1205,"_links":{"self":[{"href":"https:\/\/www.sudoestehoje.com.br\/novoportal\/wp-json\/wp\/v2\/posts\/17266","targetHints":{"allow":["GET"]}}],"collection":[{"href":"https:\/\/www.sudoestehoje.com.br\/novoportal\/wp-json\/wp\/v2\/posts"}],"about":[{"href":"https:\/\/www.sudoestehoje.com.br\/novoportal\/wp-json\/wp\/v2\/types\/post"}],"author":[{"embeddable":true,"href":"https:\/\/www.sudoestehoje.com.br\/novoportal\/wp-json\/wp\/v2\/users\/2"}],"replies":[{"embeddable":true,"href":"https:\/\/www.sudoestehoje.com.br\/novoportal\/wp-json\/wp\/v2\/comments?post=17266"}],"version-history":[{"count":1,"href":"https:\/\/www.sudoestehoje.com.br\/novoportal\/wp-json\/wp\/v2\/posts\/17266\/revisions"}],"predecessor-version":[{"id":17267,"href":"https:\/\/www.sudoestehoje.com.br\/novoportal\/wp-json\/wp\/v2\/posts\/17266\/revisions\/17267"}],"wp:attachment":[{"href":"https:\/\/www.sudoestehoje.com.br\/novoportal\/wp-json\/wp\/v2\/media?parent=17266"}],"wp:term":[{"taxonomy":"category","embeddable":true,"href":"https:\/\/www.sudoestehoje.com.br\/novoportal\/wp-json\/wp\/v2\/categories?post=17266"},{"taxonomy":"post_tag","embeddable":true,"href":"https:\/\/www.sudoestehoje.com.br\/novoportal\/wp-json\/wp\/v2\/tags?post=17266"}],"curies":[{"name":"wp","href":"https:\/\/api.w.org\/{rel}","templated":true}]}}