
{"id":17261,"date":"2012-06-24T18:30:47","date_gmt":"2012-06-24T21:30:47","guid":{"rendered":"http:\/\/www.sudoestehoje.com.br\/novoportal\/?p=17261"},"modified":"2012-06-24T18:32:28","modified_gmt":"2012-06-24T21:32:28","slug":"itapetinga-atracoes-fracas-e-tiroteio-no-sao-joao-da-lagoa","status":"publish","type":"post","link":"https:\/\/www.sudoestehoje.com.br\/novoportal\/2012\/06\/24\/itapetinga-atracoes-fracas-e-tiroteio-no-sao-joao-da-lagoa\/","title":{"rendered":"ITAPETINGA: ATRA\u00c7\u00d5ES FRACAS E TIROTEIO NO S\u00c3O JO\u00c3O DA LAGOA"},"content":{"rendered":"<p><img decoding=\"async\" class=\"aligncenter\" src=\"http:\/\/www.tribunadaconquista.com.br\/v1\/wp-content\/uploads\/2011\/06\/S%C3%A3o-Jo%C3%A3o-Itapetinga.jpg\" alt=\"\" width=\"400\" \/><\/p>\n<p style=\"text-align: center;\"><em>O p\u00fablico compareceu \u00e0 festa, mas ficou frustrado com as fracas atra\u00e7\u00f5es\u00a0<\/em><\/p>\n<p>&nbsp;<\/p>\n<p>ITAPETINGA: Para confirmar a fama de &#8220;azarado&#8221; do prefeito Z\u00e9 Carlos e da grade esvaziada de atra\u00e7\u00f5es de peso, a festa S\u00e3o Jo\u00e3o de Itapetinga, no Parque da Lagoa, acabou sendo prejudicada por um tiroteio bem em frente ao palco principal, que deixou tr\u00eas pessoas feridas e por pouco n\u00e3o aconteceu uma trag\u00e9dia.<\/p>\n<p>O tiroteio aconteceu na madrugada do \u00faltimo s\u00e1bado (23), por volta das 03:30h, quando um ex-presidi\u00e1rio conhecido por Diego \u201ccicatriz\u201d, sacou de uma arma e atirou em Cezenildo Nascimento S. Filho, o &#8220;Cezinha&#8221;, de 21 anos, acertando dois tiros, um deles no rosto da v\u00edtima. Duas balas perdidas acabaram atingindo de rasp\u00e3o o ombro de um turista e a m\u00e3o de um outro jovem, felizmente sem maior gravidade.<\/p>\n<p>Depois da correria, as v\u00edtimas foram atendidas por uma unidade do Samu 192 que estava de plant\u00e3o no local e encaminhadas ao Hospital Cristo Redentor, com &#8220;Cezinha&#8221; sendo transferido para um hospital em Vit\u00f3ria da Conquista, devido \u00e0 gravidade do ferimento. Segundo informa\u00e7\u00e3o da av\u00f3 da v\u00edtima, a bala j\u00e1 foi extra\u00edda e ele j\u00e1 estaria fora de perigo. Com Informa\u00e7\u00f5es do <em>Blog do Z\u00e9 Ferreira<\/em> e <em>Itapetinga na M\u00eddia.<\/em><\/p>\n<p>&nbsp;<\/p>\n","protected":false},"excerpt":{"rendered":"<p>O p\u00fablico compareceu \u00e0 festa, mas ficou frustrado com as fracas atra\u00e7\u00f5es\u00a0 &nbsp; ITAPETINGA: Para confirmar a fama de &#8220;azarado&#8221; do prefeito Z\u00e9 Carlos e da grade esvaziada de atra\u00e7\u00f5es de peso, a festa S\u00e3o Jo\u00e3o de Itapetinga, no Parque da Lagoa, acabou sendo prejudicada por um tiroteio bem em frente ao palco principal, que [&hellip;]<\/p>\n","protected":false},"author":2,"featured_media":0,"comment_status":"open","ping_status":"open","sticky":false,"template":"","format":"standard","meta":{"footnotes":"","_links_to":"","_links_to_target":""},"categories":[1],"tags":[],"class_list":["post-17261","post","type-post","status-publish","format-standard","hentry","category-geral"],"views":1661,"_links":{"self":[{"href":"https:\/\/www.sudoestehoje.com.br\/novoportal\/wp-json\/wp\/v2\/posts\/17261","targetHints":{"allow":["GET"]}}],"collection":[{"href":"https:\/\/www.sudoestehoje.com.br\/novoportal\/wp-json\/wp\/v2\/posts"}],"about":[{"href":"https:\/\/www.sudoestehoje.com.br\/novoportal\/wp-json\/wp\/v2\/types\/post"}],"author":[{"embeddable":true,"href":"https:\/\/www.sudoestehoje.com.br\/novoportal\/wp-json\/wp\/v2\/users\/2"}],"replies":[{"embeddable":true,"href":"https:\/\/www.sudoestehoje.com.br\/novoportal\/wp-json\/wp\/v2\/comments?post=17261"}],"version-history":[{"count":4,"href":"https:\/\/www.sudoestehoje.com.br\/novoportal\/wp-json\/wp\/v2\/posts\/17261\/revisions"}],"predecessor-version":[{"id":17265,"href":"https:\/\/www.sudoestehoje.com.br\/novoportal\/wp-json\/wp\/v2\/posts\/17261\/revisions\/17265"}],"wp:attachment":[{"href":"https:\/\/www.sudoestehoje.com.br\/novoportal\/wp-json\/wp\/v2\/media?parent=17261"}],"wp:term":[{"taxonomy":"category","embeddable":true,"href":"https:\/\/www.sudoestehoje.com.br\/novoportal\/wp-json\/wp\/v2\/categories?post=17261"},{"taxonomy":"post_tag","embeddable":true,"href":"https:\/\/www.sudoestehoje.com.br\/novoportal\/wp-json\/wp\/v2\/tags?post=17261"}],"curies":[{"name":"wp","href":"https:\/\/api.w.org\/{rel}","templated":true}]}}