
{"id":17257,"date":"2012-06-24T16:34:25","date_gmt":"2012-06-24T19:34:25","guid":{"rendered":"http:\/\/www.sudoestehoje.com.br\/novoportal\/?p=17257"},"modified":"2012-06-24T16:34:25","modified_gmt":"2012-06-24T19:34:25","slug":"presidentes-da-america-do-sul-nao-reconhecem-governo-paraguaio","status":"publish","type":"post","link":"https:\/\/www.sudoestehoje.com.br\/novoportal\/2012\/06\/24\/presidentes-da-america-do-sul-nao-reconhecem-governo-paraguaio\/","title":{"rendered":"PRESIDENTES DA AM\u00c9RICA DO SUL N\u00c3O RECONHECEM GOVERNO PARAGUAIO"},"content":{"rendered":"<p><img decoding=\"async\" class=\"aligncenter\" src=\"http:\/\/oglobo.globo.com\/in\/5294860-fe5-b39\/FT500A\/PARAGUAY_.jpg\" alt=\"O novo presidente Federico Franco, durante o discurso de posse no SenadoFoto: Jorge Adorno\/Reuters\" width=\"400\" \/><\/p>\n<p><strong><em>O Globo<\/em><\/strong><\/p>\n<p>RIO, BUENOS AIRES e QUITO \u2014 O primeiro foi o presidente do Equador, Rafael Correa, que anunciou nesta sexta-feira que seu pa\u00eds n\u00e3o reconhece o novo governo do Paraguai. Logo vieram a l\u00edder argentina Cristina Kirchner e o boliviano Evo Morales. Mais cedo, evitando o tom de amea\u00e7a, a presidente Dilma j\u00e1 citava possibilidades de san\u00e7\u00e3o como a expuls\u00e3o do Paraguai de \u00f3rg\u00e3os multilaterais como a Unasul, presidida por Lugo, e tamb\u00e9m do Mercosul. Em um processo que durou dois dias, Lugo foi considerado culpado de n\u00e3o cumprir suas fun\u00e7\u00f5es ao deixar que crescesse um conflito social no Paraguai. Poucos minutos ap\u00f3s a destitui\u00e7\u00e3o, o ent\u00e3o vice-presidente Federico Franco jurou como novo chefe de Estado.<!--more--><\/p>\n<p>Logo ap\u00f3s tomar posso, o novo presidente do Paraguai, Federico Franco, pediu aos l\u00edderes dos pa\u00edses vizinhos, em especial a Argentina, Brasil e Uruguai, membros do Mercosul, que entendam a situa\u00e7\u00e3o no pa\u00eds e que \u201cfar\u00e1 o maior dos esfor\u00e7os para que isso se normalize\u201d.<\/p>\n<p>Dentre os l\u00edderes da Am\u00e9rica do Sul, o equatoriano Rafael Correa foi o mais enf\u00e1tico. Dilma, por sua vez, evitou falar especificamente do caso ou dizer se a reuni\u00e3o do Mercosul marcada para os dias 28 e 29, em Mendoza, na Argentina, j\u00e1 poderia analisar a expuls\u00e3o do Paraguai. Mas deixou claro que alguma san\u00e7\u00e3o pode ser tomada.<\/p>\n<p>&#8211; Os 12 pa\u00edses signat\u00e1rios aqui reunidos avaliamos que a situa\u00e7\u00e3o no Paraguai era muito complicada. Achamos que dev\u00edamos cuidar para que houvesse respeito aos princ\u00edpios do direito de defesa e manuten\u00e7\u00e3o da ordem democr\u00e1tica. Por isso mandamos os chanceleres.<\/p>\n<p>Dilma evitou responder se o rito sum\u00e1rio do impeachment de Lugo poderia ser interpretado como golpe de Estado, mas disse que, para o Brasil, que j\u00e1 passou por um processo doloroso de golpe e retomada democr\u00e1tica, o valor da democracia \u00e9 muito importante. O ministro de Rela\u00e7\u00f5es Exteriores da Venezuela, Nicol\u00e1s Maduro, destacou que a falta de vontade pol\u00edtica dos setores contr\u00e1rios a Lugo configura desrespeito n\u00e3o s\u00f3 \u00e0s normas da organiza\u00e7\u00e3o, como ao Mercosul.<\/p>\n<p>&#8211; Infelizmente, as respostas que tivemos foram sil\u00eancio e indiferen\u00e7a &#8211; criticou.<\/p>\n<p>Em entrevista a emissora do Equador, o presidente Rafael Correa disse considerar ileg\u00edtimo o processo de julgamento pol\u00edtico feito pelo Congresso paraguaio, que resultou no impeachment de Fernando Lugo.<\/p>\n<p>&#8211; A decis\u00e3o do governo equatoriano \u00e9 de n\u00e3o reconhecer o novo governo paraguaio. O que aconteceu \u00e9 absolutamente ileg\u00edtimo &#8211; disse Correa a uma emissora.<\/p>\n<p>No mesmo tom, a presidente argentina Cristina Kirchner assegurou que o pa\u00eds \u201cn\u00e3o vai aceitar o golpe de Estado que acaba de acontecer no Paraguai\u201d.<\/p>\n<p>&#8211; Essa situa\u00e7\u00e3o vai al\u00e9m de Lugo, este \u00e9 um ataque \u00e0 democracia paraguaia. Vamos ter uma a\u00e7\u00e3o conjunta com Brasil e Uruguai.<\/p>\n<p>Para o l\u00edder boliviano, Evo Morales, o pa\u00eds \u201cn\u00e3o pode reconhecer um governo que n\u00e3o surja das urnas e do mandato do povo\u201d. Morales condenou o \u201cgolpe do Congresso\u201d aplicado contra Fernando Lugo, segundo a ag\u00eancia oficial ABI.<\/p>\n<p><strong>Brasil evita tom de amea\u00e7a<\/strong><\/p>\n<p>Evitando o tom de amea\u00e7a mais cedo, a presidente Dilma j\u00e1 citava possibilidades de san\u00e7\u00e3o como a expuls\u00e3o do Paraguai de \u00f3rg\u00e3os multilaterais como a Unasul e o Mercosul. O governo brasileiro teme um confronto ou uma guerra civil com a aprova\u00e7\u00e3o do impeachment a nove meses do fim do mandato de Lugo.<\/p>\n<p>Dilma afirmou que o protocolo de cria\u00e7\u00e3o da Unasul, assinado pelo Paraguai e pelos outros 11 pa\u00edses da Am\u00e9rica do Sul,\u00a0<a href=\"http:\/\/oglobo.globo.com\/mundo\/dilma-lembra-que-unasul-preve-desligamento-em-caso-de-ruptura-democratica-5284513\">prev\u00ea o desligamento do signat\u00e1rio deste organismo se for constatada a\u00e7\u00e3o de ruptura<\/a>\u00a0ou amea\u00e7a de ruptura democr\u00e1tica. O mesmo se aplica ao Mercosul.<\/p>\n<p>Ao ser informado de que as tentativas de ajuda da Unasul foram rejeitadas pelo Senado, o ministro chefe da Secretaria Geral da Presid\u00eancia, Gilberto Carvalho, se mostrou apreensivo.<\/p>\n<p>\u2014 Est\u00e3o optando pela dureza. Podem estar caminhando para uma guerra civil \u2014 disse.<\/p>\n<p>Segundo um interlocutor da presidente Dilma, o impeachment de Lugo pode representar a ruptura de um ciclo democr\u00e1tico na Am\u00e9rica Latina. O governo brasileiro acredita que somente o clamor popular poder\u00e1 salvar o agora ex-presidente. Havendo a constata\u00e7\u00e3o de que houve ruptura dos princ\u00edpios democr\u00e1ticos no Paraguai, um dos caminhos \u00e9 a evoca\u00e7\u00e3o da cl\u00e1usula democr\u00e1tica do Protocolo de Ushuaia, cujo efeito \u00e9 o isolamento do pa\u00eds na regi\u00e3o.<\/p>\n","protected":false},"excerpt":{"rendered":"<p>O Globo RIO, BUENOS AIRES e QUITO \u2014 O primeiro foi o presidente do Equador, Rafael Correa, que anunciou nesta sexta-feira que seu pa\u00eds n\u00e3o reconhece o novo governo do Paraguai. Logo vieram a l\u00edder argentina Cristina Kirchner e o boliviano Evo Morales. Mais cedo, evitando o tom de amea\u00e7a, a presidente Dilma j\u00e1 citava [&hellip;]<\/p>\n","protected":false},"author":2,"featured_media":0,"comment_status":"open","ping_status":"open","sticky":false,"template":"","format":"standard","meta":{"footnotes":"","_links_to":"","_links_to_target":""},"categories":[1],"tags":[],"class_list":["post-17257","post","type-post","status-publish","format-standard","hentry","category-geral"],"views":1180,"_links":{"self":[{"href":"https:\/\/www.sudoestehoje.com.br\/novoportal\/wp-json\/wp\/v2\/posts\/17257","targetHints":{"allow":["GET"]}}],"collection":[{"href":"https:\/\/www.sudoestehoje.com.br\/novoportal\/wp-json\/wp\/v2\/posts"}],"about":[{"href":"https:\/\/www.sudoestehoje.com.br\/novoportal\/wp-json\/wp\/v2\/types\/post"}],"author":[{"embeddable":true,"href":"https:\/\/www.sudoestehoje.com.br\/novoportal\/wp-json\/wp\/v2\/users\/2"}],"replies":[{"embeddable":true,"href":"https:\/\/www.sudoestehoje.com.br\/novoportal\/wp-json\/wp\/v2\/comments?post=17257"}],"version-history":[{"count":2,"href":"https:\/\/www.sudoestehoje.com.br\/novoportal\/wp-json\/wp\/v2\/posts\/17257\/revisions"}],"predecessor-version":[{"id":17259,"href":"https:\/\/www.sudoestehoje.com.br\/novoportal\/wp-json\/wp\/v2\/posts\/17257\/revisions\/17259"}],"wp:attachment":[{"href":"https:\/\/www.sudoestehoje.com.br\/novoportal\/wp-json\/wp\/v2\/media?parent=17257"}],"wp:term":[{"taxonomy":"category","embeddable":true,"href":"https:\/\/www.sudoestehoje.com.br\/novoportal\/wp-json\/wp\/v2\/categories?post=17257"},{"taxonomy":"post_tag","embeddable":true,"href":"https:\/\/www.sudoestehoje.com.br\/novoportal\/wp-json\/wp\/v2\/tags?post=17257"}],"curies":[{"name":"wp","href":"https:\/\/api.w.org\/{rel}","templated":true}]}}